{"id":121,"date":"2011-12-05T17:24:28","date_gmt":"2011-12-05T20:24:28","guid":{"rendered":"https:\/\/www.office365brasil.com.br\/365blog\/office-365\/office-365-plano-p1-o-ideal-para-voc-ou-sua-empresa\/"},"modified":"2013-09-01T17:02:04","modified_gmt":"2013-09-01T17:02:04","slug":"office-365-plano-p1-o-ideal-para-voc-ou-sua-empresa","status":"publish","type":"post","link":"https:\/\/www.office365brasil.com.br\/365blog\/office-365\/office-365-plano-p1-o-ideal-para-voc-ou-sua-empresa\/","title":{"rendered":"Office 365 Plano P1 \u00e9 o ideal para voc\u00ea ou sua empresa?"},"content":{"rendered":"<p>Esperamos que sua avalia\u00e7\u00e3o do <a href=\"http:\/\/www.office365brasil.com.br\/\">Office 365<\/a> continue sendo satisfat\u00f3ria. Quero usar este post para\u00a0 chamar\u00a0 sua aten\u00e7\u00e3o para alguns aspectos importantes relacionados ao <strong>Office 365 Plano para Profissionais e Pequenas Empresas(P1).<\/strong><\/p>\n<p>Este plano \u00e9 um plano bastante adequado para empresas pequenas com at\u00e9 no m\u00e1ximo 50 usu\u00e1rios.<\/p>\n<p>Quero lhe informar apenas acerca das limita\u00e7\u00f5es desde plano:<\/p>\n<p>1 &#8211; Quantidade m\u00e1xima suportada de 50 usu\u00e1rios e sem possibilidade de migra\u00e7\u00e3o para Planos Enterprise<br \/>\n2 &#8211; Sem suporte para integra\u00e7\u00e3o com Active Directory<br \/>\n3 &#8211; Sem possibilidade de uso de dispositivos BlackBerry para sincroniza\u00e7\u00e3o de itens do Exchange Online<br \/>\n4 &#8211; Suporte apenas via comunidade<\/p>\n<p>Se sua empresa n\u00e3o possui as necessidade listadas acima o Plano P1 do Office 365 \u00e9 ideal para voc\u00ea.<\/p>\n<p>Qualquer d\u00favida relacionada aos planos do Office 365 basta entrar em contato. Recomendo bastante a leitura do <a href=\"http:\/\/technet.microsoft.com\/pt-br\/library\/jj819284.aspx\">service description<\/a> do Office 365 Plano P1.<\/p>\n<!-- AddThis Advanced Settings generic via filter on the_content --><!-- AddThis Share Buttons generic via filter on the_content -->","protected":false},"excerpt":{"rendered":"<p>Esperamos que sua avalia\u00e7\u00e3o do Office 365 continue sendo satisfat\u00f3ria. Quero usar este post para\u00a0 chamar\u00a0 sua aten\u00e7\u00e3o para alguns<!-- AddThis Advanced Settings generic via filter on wp_trim_excerpt --><!-- AddThis Share Buttons generic via filter on wp_trim_excerpt --><\/p>\n","protected":false},"author":2,"featured_media":0,"comment_status":"open","ping_status":"open","sticky":false,"template":"","format":"standard","meta":{"colormag_page_container_layout":"default_layout","colormag_page_sidebar_layout":"default_layout","footnotes":""},"categories":[8],"tags":[30,51,146],"class_list":["post-121","post","type-post","status-publish","format-standard","hentry","category-office-365","tag-assinatura","tag-compra","tag-plano-p1"],"yoast_head":"<!-- This site is optimized with the Yoast SEO plugin v27.4 - https:\/\/yoast.com\/product\/yoast-seo-wordpress\/ -->\n<title>Office 365 Plano P1 \u00e9 o ideal para voc\u00ea ou sua empresa? - 365Brasil Blog - Novidades sobre o Microsoft 365<\/title>\n<meta name=\"robots\" content=\"index, follow, max-snippet:-1, max-image-preview:large, max-video-preview:-1\" \/>\n<link rel=\"canonical\" href=\"https:\/\/www.office365brasil.com.br\/365blog\/office-365\/office-365-plano-p1-o-ideal-para-voc-ou-sua-empresa\/\" \/>\n<meta property=\"og:locale\" content=\"pt_BR\" \/>\n<meta property=\"og:type\" content=\"article\" \/>\n<meta property=\"og:title\" content=\"Office 365 Plano P1 \u00e9 o ideal para voc\u00ea ou sua empresa? - 365Brasil Blog - Novidades sobre o Microsoft 365\" \/>\n<meta property=\"og:description\" content=\"Esperamos que sua avalia\u00e7\u00e3o do Office 365 continue sendo satisfat\u00f3ria. Quero usar este post para\u00a0 chamar\u00a0 sua aten\u00e7\u00e3o para alguns\" \/>\n<meta property=\"og:url\" content=\"https:\/\/www.office365brasil.com.br\/365blog\/office-365\/office-365-plano-p1-o-ideal-para-voc-ou-sua-empresa\/\" \/>\n<meta property=\"og:site_name\" content=\"365Brasil Blog - Novidades sobre o Microsoft 365\" \/>\n<meta property=\"article:author\" content=\"https:\/\/www.facebook.com\/helinton.dias\" \/>\n<meta property=\"article:published_time\" content=\"2011-12-05T20:24:28+00:00\" \/>\n<meta property=\"article:modified_time\" content=\"2013-09-01T17:02:04+00:00\" \/>\n<meta name=\"author\" content=\"Helinton\" \/>\n<meta name=\"twitter:card\" content=\"summary_large_image\" \/>\n<meta name=\"twitter:creator\" content=\"@helintondias\" \/>\n<meta name=\"twitter:label1\" content=\"Escrito por\" \/>\n\t<meta name=\"twitter:data1\" content=\"Helinton\" \/>\n\t<meta name=\"twitter:label2\" content=\"Est. tempo de leitura\" \/>\n\t<meta name=\"twitter:data2\" content=\"1 minuto\" \/>\n<script type=\"application\/ld+json\" class=\"yoast-schema-graph\">{\"@context\":\"https:\\\/\\\/schema.org\",\"@graph\":[{\"@type\":\"Article\",\"@id\":\"https:\\\/\\\/www.office365brasil.com.br\\\/365blog\\\/office-365\\\/office-365-plano-p1-o-ideal-para-voc-ou-sua-empresa\\\/#article\",\"isPartOf\":{\"@id\":\"https:\\\/\\\/www.office365brasil.com.br\\\/365blog\\\/office-365\\\/office-365-plano-p1-o-ideal-para-voc-ou-sua-empresa\\\/\"},\"author\":{\"name\":\"Helinton\",\"@id\":\"https:\\\/\\\/www.office365brasil.com.br\\\/365blog\\\/#\\\/schema\\\/person\\\/5eecfa02cb728635087ffe1dd1c14682\"},\"headline\":\"Office 365 Plano P1 \u00e9 o ideal para voc\u00ea ou sua empresa?\",\"datePublished\":\"2011-12-05T20:24:28+00:00\",\"dateModified\":\"2013-09-01T17:02:04+00:00\",\"mainEntityOfPage\":{\"@id\":\"https:\\\/\\\/www.office365brasil.com.br\\\/365blog\\\/office-365\\\/office-365-plano-p1-o-ideal-para-voc-ou-sua-empresa\\\/\"},\"wordCount\":158,\"commentCount\":0,\"publisher\":{\"@id\":\"https:\\\/\\\/www.office365brasil.com.br\\\/365blog\\\/#organization\"},\"keywords\":[\"assinatura\",\"compra\",\"plano p1\"],\"articleSection\":[\"Office 365\"],\"inLanguage\":\"pt-BR\",\"potentialAction\":[{\"@type\":\"CommentAction\",\"name\":\"Comment\",\"target\":[\"https:\\\/\\\/www.office365brasil.com.br\\\/365blog\\\/office-365\\\/office-365-plano-p1-o-ideal-para-voc-ou-sua-empresa\\\/#respond\"]}]},{\"@type\":\"WebPage\",\"@id\":\"https:\\\/\\\/www.office365brasil.com.br\\\/365blog\\\/office-365\\\/office-365-plano-p1-o-ideal-para-voc-ou-sua-empresa\\\/\",\"url\":\"https:\\\/\\\/www.office365brasil.com.br\\\/365blog\\\/office-365\\\/office-365-plano-p1-o-ideal-para-voc-ou-sua-empresa\\\/\",\"name\":\"Office 365 Plano P1 \u00e9 o ideal para voc\u00ea ou sua empresa? - 365Brasil Blog - Novidades sobre o Microsoft 365\",\"isPartOf\":{\"@id\":\"https:\\\/\\\/www.office365brasil.com.br\\\/365blog\\\/#website\"},\"datePublished\":\"2011-12-05T20:24:28+00:00\",\"dateModified\":\"2013-09-01T17:02:04+00:00\",\"breadcrumb\":{\"@id\":\"https:\\\/\\\/www.office365brasil.com.br\\\/365blog\\\/office-365\\\/office-365-plano-p1-o-ideal-para-voc-ou-sua-empresa\\\/#breadcrumb\"},\"inLanguage\":\"pt-BR\",\"potentialAction\":[{\"@type\":\"ReadAction\",\"target\":[\"https:\\\/\\\/www.office365brasil.com.br\\\/365blog\\\/office-365\\\/office-365-plano-p1-o-ideal-para-voc-ou-sua-empresa\\\/\"]}]},{\"@type\":\"BreadcrumbList\",\"@id\":\"https:\\\/\\\/www.office365brasil.com.br\\\/365blog\\\/office-365\\\/office-365-plano-p1-o-ideal-para-voc-ou-sua-empresa\\\/#breadcrumb\",\"itemListElement\":[{\"@type\":\"ListItem\",\"position\":1,\"name\":\"Home\",\"item\":\"https:\\\/\\\/www.office365brasil.com.br\\\/365blog\\\/\"},{\"@type\":\"ListItem\",\"position\":2,\"name\":\"Office 365 Plano P1 \u00e9 o ideal para voc\u00ea ou sua empresa?\"}]},{\"@type\":\"WebSite\",\"@id\":\"https:\\\/\\\/www.office365brasil.com.br\\\/365blog\\\/#website\",\"url\":\"https:\\\/\\\/www.office365brasil.com.br\\\/365blog\\\/\",\"name\":\"365Brasil Blog - Novidades sobre o Microsoft 365\",\"description\":\"Novidades e artigos relacionados sobre o Microsoft 365\",\"publisher\":{\"@id\":\"https:\\\/\\\/www.office365brasil.com.br\\\/365blog\\\/#organization\"},\"potentialAction\":[{\"@type\":\"SearchAction\",\"target\":{\"@type\":\"EntryPoint\",\"urlTemplate\":\"https:\\\/\\\/www.office365brasil.com.br\\\/365blog\\\/?s={search_term_string}\"},\"query-input\":{\"@type\":\"PropertyValueSpecification\",\"valueRequired\":true,\"valueName\":\"search_term_string\"}}],\"inLanguage\":\"pt-BR\"},{\"@type\":\"Organization\",\"@id\":\"https:\\\/\\\/www.office365brasil.com.br\\\/365blog\\\/#organization\",\"name\":\"365Brasil Blog - Novidades sobre o Microsoft 365\",\"url\":\"https:\\\/\\\/www.office365brasil.com.br\\\/365blog\\\/\",\"logo\":{\"@type\":\"ImageObject\",\"inLanguage\":\"pt-BR\",\"@id\":\"https:\\\/\\\/www.office365brasil.com.br\\\/365blog\\\/#\\\/schema\\\/logo\\\/image\\\/\",\"url\":\"https:\\\/\\\/www.office365brasil.com.br\\\/365blog\\\/wp-content\\\/uploads\\\/2021\\\/04\\\/logo.png\",\"contentUrl\":\"https:\\\/\\\/www.office365brasil.com.br\\\/365blog\\\/wp-content\\\/uploads\\\/2021\\\/04\\\/logo.png\",\"width\":318,\"height\":65,\"caption\":\"365Brasil Blog - Novidades sobre o Microsoft 365\"},\"image\":{\"@id\":\"https:\\\/\\\/www.office365brasil.com.br\\\/365blog\\\/#\\\/schema\\\/logo\\\/image\\\/\"}},{\"@type\":\"Person\",\"@id\":\"https:\\\/\\\/www.office365brasil.com.br\\\/365blog\\\/#\\\/schema\\\/person\\\/5eecfa02cb728635087ffe1dd1c14682\",\"name\":\"Helinton\",\"image\":{\"@type\":\"ImageObject\",\"inLanguage\":\"pt-BR\",\"@id\":\"https:\\\/\\\/secure.gravatar.com\\\/avatar\\\/e94f64dc2d8245c43543b261db6f23bfc05b72d7e346b2d603e02e1d6006a039?s=96&d=mm&r=g\",\"url\":\"https:\\\/\\\/secure.gravatar.com\\\/avatar\\\/e94f64dc2d8245c43543b261db6f23bfc05b72d7e346b2d603e02e1d6006a039?s=96&d=mm&r=g\",\"contentUrl\":\"https:\\\/\\\/secure.gravatar.com\\\/avatar\\\/e94f64dc2d8245c43543b261db6f23bfc05b72d7e346b2d603e02e1d6006a039?s=96&d=mm&r=g\",\"caption\":\"Helinton\"},\"description\":\"Gerente comercial na empresa CloudExperts parceiro Microsoft focado em solu\u00e7\u00f5es de nuvem p\u00fablica para o mercado de pequenas e m\u00e9dias empresas.\",\"sameAs\":[\"https:\\\/\\\/plus.google.com\\\/u\\\/0\\\/+HelintonDias\",\"https:\\\/\\\/www.facebook.com\\\/helinton.dias\",\"https:\\\/\\\/x.com\\\/helintondias\"],\"url\":\"https:\\\/\\\/www.office365brasil.com.br\\\/365blog\\\/author\\\/helinton\\\/\"}]}<\/script>\n<!-- \/ Yoast SEO plugin. -->","yoast_head_json":{"title":"Office 365 Plano P1 \u00e9 o ideal para voc\u00ea ou sua empresa? - 365Brasil Blog - Novidades sobre o Microsoft 365","robots":{"index":"index","follow":"follow","max-snippet":"max-snippet:-1","max-image-preview":"max-image-preview:large","max-video-preview":"max-video-preview:-1"},"canonical":"https:\/\/www.office365brasil.com.br\/365blog\/office-365\/office-365-plano-p1-o-ideal-para-voc-ou-sua-empresa\/","og_locale":"pt_BR","og_type":"article","og_title":"Office 365 Plano P1 \u00e9 o ideal para voc\u00ea ou sua empresa? - 365Brasil Blog - Novidades sobre o Microsoft 365","og_description":"Esperamos que sua avalia\u00e7\u00e3o do Office 365 continue sendo satisfat\u00f3ria. Quero usar este post para\u00a0 chamar\u00a0 sua aten\u00e7\u00e3o para alguns","og_url":"https:\/\/www.office365brasil.com.br\/365blog\/office-365\/office-365-plano-p1-o-ideal-para-voc-ou-sua-empresa\/","og_site_name":"365Brasil Blog - Novidades sobre o Microsoft 365","article_author":"https:\/\/www.facebook.com\/helinton.dias","article_published_time":"2011-12-05T20:24:28+00:00","article_modified_time":"2013-09-01T17:02:04+00:00","author":"Helinton","twitter_card":"summary_large_image","twitter_creator":"@helintondias","twitter_misc":{"Escrito por":"Helinton","Est. tempo de leitura":"1 minuto"},"schema":{"@context":"https:\/\/schema.org","@graph":[{"@type":"Article","@id":"https:\/\/www.office365brasil.com.br\/365blog\/office-365\/office-365-plano-p1-o-ideal-para-voc-ou-sua-empresa\/#article","isPartOf":{"@id":"https:\/\/www.office365brasil.com.br\/365blog\/office-365\/office-365-plano-p1-o-ideal-para-voc-ou-sua-empresa\/"},"author":{"name":"Helinton","@id":"https:\/\/www.office365brasil.com.br\/365blog\/#\/schema\/person\/5eecfa02cb728635087ffe1dd1c14682"},"headline":"Office 365 Plano P1 \u00e9 o ideal para voc\u00ea ou sua empresa?","datePublished":"2011-12-05T20:24:28+00:00","dateModified":"2013-09-01T17:02:04+00:00","mainEntityOfPage":{"@id":"https:\/\/www.office365brasil.com.br\/365blog\/office-365\/office-365-plano-p1-o-ideal-para-voc-ou-sua-empresa\/"},"wordCount":158,"commentCount":0,"publisher":{"@id":"https:\/\/www.office365brasil.com.br\/365blog\/#organization"},"keywords":["assinatura","compra","plano p1"],"articleSection":["Office 365"],"inLanguage":"pt-BR","potentialAction":[{"@type":"CommentAction","name":"Comment","target":["https:\/\/www.office365brasil.com.br\/365blog\/office-365\/office-365-plano-p1-o-ideal-para-voc-ou-sua-empresa\/#respond"]}]},{"@type":"WebPage","@id":"https:\/\/www.office365brasil.com.br\/365blog\/office-365\/office-365-plano-p1-o-ideal-para-voc-ou-sua-empresa\/","url":"https:\/\/www.office365brasil.com.br\/365blog\/office-365\/office-365-plano-p1-o-ideal-para-voc-ou-sua-empresa\/","name":"Office 365 Plano P1 \u00e9 o ideal para voc\u00ea ou sua empresa? - 365Brasil Blog - Novidades sobre o Microsoft 365","isPartOf":{"@id":"https:\/\/www.office365brasil.com.br\/365blog\/#website"},"datePublished":"2011-12-05T20:24:28+00:00","dateModified":"2013-09-01T17:02:04+00:00","breadcrumb":{"@id":"https:\/\/www.office365brasil.com.br\/365blog\/office-365\/office-365-plano-p1-o-ideal-para-voc-ou-sua-empresa\/#breadcrumb"},"inLanguage":"pt-BR","potentialAction":[{"@type":"ReadAction","target":["https:\/\/www.office365brasil.com.br\/365blog\/office-365\/office-365-plano-p1-o-ideal-para-voc-ou-sua-empresa\/"]}]},{"@type":"BreadcrumbList","@id":"https:\/\/www.office365brasil.com.br\/365blog\/office-365\/office-365-plano-p1-o-ideal-para-voc-ou-sua-empresa\/#breadcrumb","itemListElement":[{"@type":"ListItem","position":1,"name":"Home","item":"https:\/\/www.office365brasil.com.br\/365blog\/"},{"@type":"ListItem","position":2,"name":"Office 365 Plano P1 \u00e9 o ideal para voc\u00ea ou sua empresa?"}]},{"@type":"WebSite","@id":"https:\/\/www.office365brasil.com.br\/365blog\/#website","url":"https:\/\/www.office365brasil.com.br\/365blog\/","name":"365Brasil Blog - Novidades sobre o Microsoft 365","description":"Novidades e artigos relacionados sobre o Microsoft 365","publisher":{"@id":"https:\/\/www.office365brasil.com.br\/365blog\/#organization"},"potentialAction":[{"@type":"SearchAction","target":{"@type":"EntryPoint","urlTemplate":"https:\/\/www.office365brasil.com.br\/365blog\/?s={search_term_string}"},"query-input":{"@type":"PropertyValueSpecification","valueRequired":true,"valueName":"search_term_string"}}],"inLanguage":"pt-BR"},{"@type":"Organization","@id":"https:\/\/www.office365brasil.com.br\/365blog\/#organization","name":"365Brasil Blog - Novidades sobre o Microsoft 365","url":"https:\/\/www.office365brasil.com.br\/365blog\/","logo":{"@type":"ImageObject","inLanguage":"pt-BR","@id":"https:\/\/www.office365brasil.com.br\/365blog\/#\/schema\/logo\/image\/","url":"https:\/\/www.office365brasil.com.br\/365blog\/wp-content\/uploads\/2021\/04\/logo.png","contentUrl":"https:\/\/www.office365brasil.com.br\/365blog\/wp-content\/uploads\/2021\/04\/logo.png","width":318,"height":65,"caption":"365Brasil Blog - Novidades sobre o Microsoft 365"},"image":{"@id":"https:\/\/www.office365brasil.com.br\/365blog\/#\/schema\/logo\/image\/"}},{"@type":"Person","@id":"https:\/\/www.office365brasil.com.br\/365blog\/#\/schema\/person\/5eecfa02cb728635087ffe1dd1c14682","name":"Helinton","image":{"@type":"ImageObject","inLanguage":"pt-BR","@id":"https:\/\/secure.gravatar.com\/avatar\/e94f64dc2d8245c43543b261db6f23bfc05b72d7e346b2d603e02e1d6006a039?s=96&d=mm&r=g","url":"https:\/\/secure.gravatar.com\/avatar\/e94f64dc2d8245c43543b261db6f23bfc05b72d7e346b2d603e02e1d6006a039?s=96&d=mm&r=g","contentUrl":"https:\/\/secure.gravatar.com\/avatar\/e94f64dc2d8245c43543b261db6f23bfc05b72d7e346b2d603e02e1d6006a039?s=96&d=mm&r=g","caption":"Helinton"},"description":"Gerente comercial na empresa CloudExperts parceiro Microsoft focado em solu\u00e7\u00f5es de nuvem p\u00fablica para o mercado de pequenas e m\u00e9dias empresas.","sameAs":["https:\/\/plus.google.com\/u\/0\/+HelintonDias","https:\/\/www.facebook.com\/helinton.dias","https:\/\/x.com\/helintondias"],"url":"https:\/\/www.office365brasil.com.br\/365blog\/author\/helinton\/"}]}},"_links":{"self":[{"href":"https:\/\/www.office365brasil.com.br\/365blog\/wp-json\/wp\/v2\/posts\/121","targetHints":{"allow":["GET"]}}],"collection":[{"href":"https:\/\/www.office365brasil.com.br\/365blog\/wp-json\/wp\/v2\/posts"}],"about":[{"href":"https:\/\/www.office365brasil.com.br\/365blog\/wp-json\/wp\/v2\/types\/post"}],"author":[{"embeddable":true,"href":"https:\/\/www.office365brasil.com.br\/365blog\/wp-json\/wp\/v2\/users\/2"}],"replies":[{"embeddable":true,"href":"https:\/\/www.office365brasil.com.br\/365blog\/wp-json\/wp\/v2\/comments?post=121"}],"version-history":[{"count":1,"href":"https:\/\/www.office365brasil.com.br\/365blog\/wp-json\/wp\/v2\/posts\/121\/revisions"}],"predecessor-version":[{"id":1070,"href":"https:\/\/www.office365brasil.com.br\/365blog\/wp-json\/wp\/v2\/posts\/121\/revisions\/1070"}],"wp:attachment":[{"href":"https:\/\/www.office365brasil.com.br\/365blog\/wp-json\/wp\/v2\/media?parent=121"}],"wp:term":[{"taxonomy":"category","embeddable":true,"href":"https:\/\/www.office365brasil.com.br\/365blog\/wp-json\/wp\/v2\/categories?post=121"},{"taxonomy":"post_tag","embeddable":true,"href":"https:\/\/www.office365brasil.com.br\/365blog\/wp-json\/wp\/v2\/tags?post=121"}],"curies":[{"name":"wp","href":"https:\/\/api.w.org\/{rel}","templated":true}]}}