{"id":1468,"date":"2014-03-12T15:11:24","date_gmt":"2014-03-12T15:11:24","guid":{"rendered":"https:\/\/www.office365brasil.com.br\/365blog\/?p=1468"},"modified":"2014-05-21T20:45:29","modified_gmt":"2014-05-21T20:45:29","slug":"enterprise-social-office-365","status":"publish","type":"post","link":"https:\/\/www.office365brasil.com.br\/365blog\/sharepointonline\/enterprise-social-office-365\/","title":{"rendered":"Enterprise social integrada ao Office 365"},"content":{"rendered":"<div id=\"scid:5737277B-5D6D-4f48-ABFC-DD9C333F4C5D:b7188657-b067-4eba-9e4d-d0ec54dcd455\" class=\"wlWriterEditableSmartContent\" style=\"float: none; margin: 0px; display: inline; padding: 0px;\">\n<div><\/div>\n<div><object width=\"579\" height=\"325\" classid=\"clsid:d27cdb6e-ae6d-11cf-96b8-444553540000\" codebase=\"http:\/\/download.macromedia.com\/pub\/shockwave\/cabs\/flash\/swflash.cab#version=6,0,40,0\"><param name=\"src\" value=\"http:\/\/www.youtube.com\/v\/aRD2ueUyTr0?hl=en&amp;hd=1\" \/><embed width=\"579\" height=\"325\" type=\"application\/x-shockwave-flash\" src=\"http:\/\/www.youtube.com\/v\/aRD2ueUyTr0?hl=en&amp;hd=1\" \/><\/object><\/div>\n<\/div>\n<p>Na \u00faltima confer\u00eancia do SharePoint foram anunciadas novidades relacionadas ao foco social(enterprise social)\u00a0do Office 365 para tornar a colabora\u00e7\u00e3o e comunica\u00e7\u00e3o nas empresas ainda mais eficientes. A inten\u00e7\u00e3o \u00e9 cada vez mais <em>introduzir um conjunto integrado de tecnologias sociais, colabora\u00e7\u00e3o e comunica\u00e7\u00e3o que permitem que as empresas funcionam como uma rede \u2014 utilizando os conceitos que mudaram nossas vidas pessoais para transformar a maneira como trabalhamos. Por conectar as redes humanas que fazem uma escala de neg\u00f3cios, empresas podem ouvir as conversas que mais importam, se adaptar a um mercado cada vez mais vol\u00e1til e crescer de forma nunca antes poss\u00edvel. [<a href=\"http:\/\/blogs.office.com\/2014\/03\/03\/work-like-a-network-enterprise-social-and-the-future-of-work\/\">Fonte<\/a>]<\/em><\/p>\n<p>Naturalmente no centro de toda esta evolu\u00e7\u00e3o na maneira como trabalhamos est\u00e1 uma das mais importantes aquisi\u00e7\u00f5es da <a href=\"http:\/\/www.microsoft.com\">Microsoft<\/a> em tempos recentes: o Yammer.<\/p>\n<p>E gra\u00e7as ao seu potencial de integra\u00e7\u00e3o da solu\u00e7\u00e3o 3 \u00f3timas novidades relacionadas ao novo conceito de \u201ctrabalhar como uma rede\u201d, usando o Yammer como fundamento essencial.<\/p>\n<h2>Office Graph<\/h2>\n<p>Com o uso de um recurso j\u00e1 conhecido no Yammer e conhecido como Enterprise Graph a tecnologia que ser\u00e1 incorporada ao Office 365 permitir\u00e1 criar uma visualiza\u00e7\u00e3o entre os relacionamentos existentes entre pessoas e informa\u00e7\u00f5es fazendo uso de e-mail, conversas sociais, documentos, sites, mensagens instant\u00e2neas, reuni\u00f5es e muito mais para mapear as rela\u00e7\u00f5es entre as pessoas e dados de neg\u00f3cio.<\/p>\n<p>Este conceito j\u00e1 \u00e9 bastante familiar para todos os que usam redes sociais no dia a dia e pode sem d\u00favida ser adaptado ao ambiente corporativo como j\u00e1 estamos verificando ultimamente e que agora \u00e9 conhecido como enterprise social.<\/p>\n<p><a href=\"https:\/\/www.office365brasil.com.br\/365blog\/wp-content\/uploads\/2014\/03\/ES_01-1024x5761.jpg\"><img loading=\"lazy\" decoding=\"async\" style=\"background-image: none; padding-top: 0px; padding-left: 0px; display: inline; padding-right: 0px; border: 0px;\" title=\"ES_01-1024x576[1]\" src=\"https:\/\/www.office365brasil.com.br\/365blog\/wp-content\/uploads\/2014\/03\/ES_01-1024x5761_thumb.jpg\" alt=\"ES_01-1024x576[1]\" width=\"600\" height=\"338\" border=\"0\" \/><\/a><\/p>\n<h2>Codinome Oslo<\/h2>\n<p>Uma outra boa novidade por vir relacionasse ao que recebeu o codinome \u201cOslo\u201d. Uma aplica\u00e7\u00e3o que promete colocar o Office Graph de maneira mais natural para permitir que as pessoas localizem de maneira mais eficiente informa\u00e7\u00f5es de neg\u00f3cio e outros usu\u00e1rios dentro de suas organiza\u00e7\u00f5es.<\/p>\n<p><img loading=\"lazy\" decoding=\"async\" src=\"http:\/\/officeblogs.blob.core.windows.net\/wp-content\/2014\/03\/ES_02.png\" alt=\"\" width=\"600\" height=\"338\" \/><\/p>\n<h2>Experi\u00eancia para grupos aperfei\u00e7oada<\/h2>\n<p>O trabalho em grupo \u00e9 sem d\u00favida uma das melhores maneiras de conseguir avan\u00e7ar em projetos, ideias e objetivos. Em breve ao criar um grupo dentro do Office 365 ser\u00e1 provisionado automaticamente uma caixa de entrada correspondente, rede social, calend\u00e1rio e biblioteca de documentos que os membros do grupo podem usar para fazer seu trabalho.<\/p>\n<p>Na imagem abaixo \u00e9 poss\u00edvel ver a uma biblioteca de documentos no SharePoint Online criada para um grupo de trabalho.<\/p>\n<p><img loading=\"lazy\" decoding=\"async\" style=\"background-image: none; padding-top: 0px; padding-left: 0px; padding-right: 0px; border: 0px;\" src=\"http:\/\/officeblogs.blob.core.windows.net\/wp-content\/2014\/03\/ES_Sites_08_resized.jpg\" alt=\"\" width=\"600\" height=\"337\" border=\"0\" \/><\/p>\n<h2>Experi\u00eancia social inline<\/h2>\n<p>Por \u00faltimo foi anunciado que teremos em breve uma integra\u00e7\u00e3o social entre aplica\u00e7\u00f5es, servi\u00e7os e sistemas que permitir\u00e1 ver no SharePoint Online, Dynamics CRM e Outlook as intera\u00e7\u00f5es sociais para visualiza\u00e7\u00e3o de novidades e rela\u00e7\u00f5es entre pessoas. Existe inclusive um proposta de integra\u00e7\u00e3o social do Lync, Skype e Yammer para visualiza\u00e7\u00e3o de conversas de \u00e1udio e v\u00eddeo.<\/p>\n<p>Na imagem abaixo voc\u00ea pode ver a integra\u00e7\u00e3o inline entre o PowerPoint Online e o Yammer:<\/p>\n<p><img loading=\"lazy\" decoding=\"async\" style=\"background-image: none; padding-top: 0px; padding-left: 0px; padding-right: 0px; border: 0px;\" src=\"http:\/\/officeblogs.blob.core.windows.net\/wp-content\/2014\/03\/ES_09_resized.png\" alt=\"\" width=\"600\" height=\"337\" border=\"0\" \/><\/p>\n<h2>Enterprise social \u00e9 algo presente<\/h2>\n<p>De fato o conceito de rede social corporativa ganha ainda mais capacidades e recursos com as novidades por vir e naturalmente com tudo o que j\u00e1 existe no Office 365 para empresas. Existe um website oficial da Microsoft sobre enterprise social\u00a0aonde a ideia de \u201cTrabalhe como uma rede\u201d \u00e9 apresentado: <a title=\"https:\/\/about.yammer.com\/enterprise-social\" href=\"https:\/\/about.yammer.com\/enterprise-social\">https:\/\/about.yammer.com\/enterprise-social<\/a><\/p>\n<p>Para mais detalhes relacionados voc\u00ea pode visitar o post que relaciona todas estas novidades e que serviu de fonte para nossa postagem aqui visitando o seguinte endere\u00e7o:<br \/>\n<a title=\"http:\/\/blogs.office.com\/2014\/03\/03\/work-like-a-network-enterprise-social-and-the-future-of-work\/\" href=\"http:\/\/blogs.office.com\/2014\/03\/03\/work-like-a-network-enterprise-social-and-the-future-of-work\/\">http:\/\/blogs.office.com\/2014\/03\/03\/work-like-a-network-enterprise-social-and-the-future-of-work\/<\/a><\/p>\n<!-- AddThis Advanced Settings generic via filter on the_content --><!-- AddThis Share Buttons generic via filter on the_content -->","protected":false},"excerpt":{"rendered":"<p>Na \u00faltima confer\u00eancia do SharePoint foram anunciadas novidades relacionadas ao foco social(enterprise social)\u00a0do Office 365 para tornar a colabora\u00e7\u00e3o e<!-- AddThis Advanced Settings generic via filter on wp_trim_excerpt --><!-- AddThis Share Buttons generic via filter on wp_trim_excerpt --><\/p>\n","protected":false},"author":2,"featured_media":0,"comment_status":"open","ping_status":"open","sticky":false,"template":"","format":"standard","meta":{"colormag_page_container_layout":"default_layout","colormag_page_sidebar_layout":"default_layout","footnotes":""},"categories":[15],"tags":[48,171,219],"class_list":["post-1468","post","type-post","status-publish","format-standard","hentry","category-sharepointonline","tag-colaboracao","tag-sharepoint-online","tag-yammer-2"],"yoast_head":"<!-- This site is optimized with the Yoast SEO plugin v27.4 - https:\/\/yoast.com\/product\/yoast-seo-wordpress\/ -->\n<title>Enterprise social e o novidades no Office 365<\/title>\n<meta name=\"description\" content=\"Enterprise social \u00e9 nova iniciativa Microsoft de integra\u00e7\u00e3o entre pessoas e informa\u00e7\u00f5es para dinamizar o trabalho e melhorar a produtividade nas empresas.\" \/>\n<meta name=\"robots\" content=\"index, follow, max-snippet:-1, max-image-preview:large, max-video-preview:-1\" \/>\n<link rel=\"canonical\" href=\"https:\/\/www.office365brasil.com.br\/365blog\/sharepointonline\/enterprise-social-office-365\/\" \/>\n<meta property=\"og:locale\" content=\"pt_BR\" \/>\n<meta property=\"og:type\" content=\"article\" \/>\n<meta property=\"og:title\" content=\"Enterprise social e o novidades no Office 365\" \/>\n<meta property=\"og:description\" content=\"Enterprise social \u00e9 nova iniciativa Microsoft de integra\u00e7\u00e3o entre pessoas e informa\u00e7\u00f5es para dinamizar o trabalho e melhorar a produtividade nas empresas.\" \/>\n<meta property=\"og:url\" content=\"https:\/\/www.office365brasil.com.br\/365blog\/sharepointonline\/enterprise-social-office-365\/\" \/>\n<meta property=\"og:site_name\" content=\"365Brasil Blog - Novidades sobre o Microsoft 365\" \/>\n<meta property=\"article:author\" content=\"https:\/\/www.facebook.com\/helinton.dias\" \/>\n<meta property=\"article:published_time\" content=\"2014-03-12T15:11:24+00:00\" \/>\n<meta property=\"article:modified_time\" content=\"2014-05-21T20:45:29+00:00\" \/>\n<meta property=\"og:image\" content=\"https:\/\/www.office365brasil.com.br\/365blog\/wp-content\/uploads\/2014\/03\/ES_01-1024x5761_thumb.jpg\" \/>\n<meta name=\"author\" content=\"Helinton\" \/>\n<meta name=\"twitter:card\" content=\"summary_large_image\" \/>\n<meta name=\"twitter:creator\" content=\"@helintondias\" \/>\n<meta name=\"twitter:label1\" content=\"Escrito por\" \/>\n\t<meta name=\"twitter:data1\" content=\"Helinton\" \/>\n\t<meta name=\"twitter:label2\" content=\"Est. tempo de leitura\" \/>\n\t<meta name=\"twitter:data2\" content=\"3 minutos\" \/>\n<script type=\"application\/ld+json\" class=\"yoast-schema-graph\">{\"@context\":\"https:\\\/\\\/schema.org\",\"@graph\":[{\"@type\":\"Article\",\"@id\":\"https:\\\/\\\/www.office365brasil.com.br\\\/365blog\\\/sharepointonline\\\/enterprise-social-office-365\\\/#article\",\"isPartOf\":{\"@id\":\"https:\\\/\\\/www.office365brasil.com.br\\\/365blog\\\/sharepointonline\\\/enterprise-social-office-365\\\/\"},\"author\":{\"name\":\"Helinton\",\"@id\":\"https:\\\/\\\/www.office365brasil.com.br\\\/365blog\\\/#\\\/schema\\\/person\\\/5eecfa02cb728635087ffe1dd1c14682\"},\"headline\":\"Enterprise social integrada ao Office 365\",\"datePublished\":\"2014-03-12T15:11:24+00:00\",\"dateModified\":\"2014-05-21T20:45:29+00:00\",\"mainEntityOfPage\":{\"@id\":\"https:\\\/\\\/www.office365brasil.com.br\\\/365blog\\\/sharepointonline\\\/enterprise-social-office-365\\\/\"},\"wordCount\":587,\"commentCount\":0,\"publisher\":{\"@id\":\"https:\\\/\\\/www.office365brasil.com.br\\\/365blog\\\/#organization\"},\"image\":{\"@id\":\"https:\\\/\\\/www.office365brasil.com.br\\\/365blog\\\/sharepointonline\\\/enterprise-social-office-365\\\/#primaryimage\"},\"thumbnailUrl\":\"http:\\\/\\\/www.office365brasil.com.br\\\/365blog\\\/wp-content\\\/uploads\\\/2014\\\/03\\\/ES_01-1024x5761_thumb.jpg\",\"keywords\":[\"colabora\u00e7\u00e3o\",\"sharepoint online\",\"yammer\"],\"articleSection\":[\"Sharepoint Online\"],\"inLanguage\":\"pt-BR\",\"potentialAction\":[{\"@type\":\"CommentAction\",\"name\":\"Comment\",\"target\":[\"https:\\\/\\\/www.office365brasil.com.br\\\/365blog\\\/sharepointonline\\\/enterprise-social-office-365\\\/#respond\"]}]},{\"@type\":\"WebPage\",\"@id\":\"https:\\\/\\\/www.office365brasil.com.br\\\/365blog\\\/sharepointonline\\\/enterprise-social-office-365\\\/\",\"url\":\"https:\\\/\\\/www.office365brasil.com.br\\\/365blog\\\/sharepointonline\\\/enterprise-social-office-365\\\/\",\"name\":\"Enterprise social e o novidades no Office 365\",\"isPartOf\":{\"@id\":\"https:\\\/\\\/www.office365brasil.com.br\\\/365blog\\\/#website\"},\"primaryImageOfPage\":{\"@id\":\"https:\\\/\\\/www.office365brasil.com.br\\\/365blog\\\/sharepointonline\\\/enterprise-social-office-365\\\/#primaryimage\"},\"image\":{\"@id\":\"https:\\\/\\\/www.office365brasil.com.br\\\/365blog\\\/sharepointonline\\\/enterprise-social-office-365\\\/#primaryimage\"},\"thumbnailUrl\":\"http:\\\/\\\/www.office365brasil.com.br\\\/365blog\\\/wp-content\\\/uploads\\\/2014\\\/03\\\/ES_01-1024x5761_thumb.jpg\",\"datePublished\":\"2014-03-12T15:11:24+00:00\",\"dateModified\":\"2014-05-21T20:45:29+00:00\",\"description\":\"Enterprise social \u00e9 nova iniciativa Microsoft de integra\u00e7\u00e3o entre pessoas e informa\u00e7\u00f5es para dinamizar o trabalho e melhorar a produtividade nas empresas.\",\"breadcrumb\":{\"@id\":\"https:\\\/\\\/www.office365brasil.com.br\\\/365blog\\\/sharepointonline\\\/enterprise-social-office-365\\\/#breadcrumb\"},\"inLanguage\":\"pt-BR\",\"potentialAction\":[{\"@type\":\"ReadAction\",\"target\":[\"https:\\\/\\\/www.office365brasil.com.br\\\/365blog\\\/sharepointonline\\\/enterprise-social-office-365\\\/\"]}]},{\"@type\":\"ImageObject\",\"inLanguage\":\"pt-BR\",\"@id\":\"https:\\\/\\\/www.office365brasil.com.br\\\/365blog\\\/sharepointonline\\\/enterprise-social-office-365\\\/#primaryimage\",\"url\":\"https:\\\/\\\/www.office365brasil.com.br\\\/365blog\\\/wp-content\\\/uploads\\\/2014\\\/03\\\/ES_01-1024x5761_thumb.jpg\",\"contentUrl\":\"https:\\\/\\\/www.office365brasil.com.br\\\/365blog\\\/wp-content\\\/uploads\\\/2014\\\/03\\\/ES_01-1024x5761_thumb.jpg\",\"width\":600,\"height\":338},{\"@type\":\"BreadcrumbList\",\"@id\":\"https:\\\/\\\/www.office365brasil.com.br\\\/365blog\\\/sharepointonline\\\/enterprise-social-office-365\\\/#breadcrumb\",\"itemListElement\":[{\"@type\":\"ListItem\",\"position\":1,\"name\":\"Home\",\"item\":\"https:\\\/\\\/www.office365brasil.com.br\\\/365blog\\\/\"},{\"@type\":\"ListItem\",\"position\":2,\"name\":\"Enterprise social integrada ao Office 365\"}]},{\"@type\":\"WebSite\",\"@id\":\"https:\\\/\\\/www.office365brasil.com.br\\\/365blog\\\/#website\",\"url\":\"https:\\\/\\\/www.office365brasil.com.br\\\/365blog\\\/\",\"name\":\"365Brasil Blog - Novidades sobre o Microsoft 365\",\"description\":\"Novidades e artigos relacionados sobre o Microsoft 365\",\"publisher\":{\"@id\":\"https:\\\/\\\/www.office365brasil.com.br\\\/365blog\\\/#organization\"},\"potentialAction\":[{\"@type\":\"SearchAction\",\"target\":{\"@type\":\"EntryPoint\",\"urlTemplate\":\"https:\\\/\\\/www.office365brasil.com.br\\\/365blog\\\/?s={search_term_string}\"},\"query-input\":{\"@type\":\"PropertyValueSpecification\",\"valueRequired\":true,\"valueName\":\"search_term_string\"}}],\"inLanguage\":\"pt-BR\"},{\"@type\":\"Organization\",\"@id\":\"https:\\\/\\\/www.office365brasil.com.br\\\/365blog\\\/#organization\",\"name\":\"365Brasil Blog - Novidades sobre o Microsoft 365\",\"url\":\"https:\\\/\\\/www.office365brasil.com.br\\\/365blog\\\/\",\"logo\":{\"@type\":\"ImageObject\",\"inLanguage\":\"pt-BR\",\"@id\":\"https:\\\/\\\/www.office365brasil.com.br\\\/365blog\\\/#\\\/schema\\\/logo\\\/image\\\/\",\"url\":\"https:\\\/\\\/www.office365brasil.com.br\\\/365blog\\\/wp-content\\\/uploads\\\/2021\\\/04\\\/logo.png\",\"contentUrl\":\"https:\\\/\\\/www.office365brasil.com.br\\\/365blog\\\/wp-content\\\/uploads\\\/2021\\\/04\\\/logo.png\",\"width\":318,\"height\":65,\"caption\":\"365Brasil Blog - Novidades sobre o Microsoft 365\"},\"image\":{\"@id\":\"https:\\\/\\\/www.office365brasil.com.br\\\/365blog\\\/#\\\/schema\\\/logo\\\/image\\\/\"}},{\"@type\":\"Person\",\"@id\":\"https:\\\/\\\/www.office365brasil.com.br\\\/365blog\\\/#\\\/schema\\\/person\\\/5eecfa02cb728635087ffe1dd1c14682\",\"name\":\"Helinton\",\"image\":{\"@type\":\"ImageObject\",\"inLanguage\":\"pt-BR\",\"@id\":\"https:\\\/\\\/secure.gravatar.com\\\/avatar\\\/e94f64dc2d8245c43543b261db6f23bfc05b72d7e346b2d603e02e1d6006a039?s=96&d=mm&r=g\",\"url\":\"https:\\\/\\\/secure.gravatar.com\\\/avatar\\\/e94f64dc2d8245c43543b261db6f23bfc05b72d7e346b2d603e02e1d6006a039?s=96&d=mm&r=g\",\"contentUrl\":\"https:\\\/\\\/secure.gravatar.com\\\/avatar\\\/e94f64dc2d8245c43543b261db6f23bfc05b72d7e346b2d603e02e1d6006a039?s=96&d=mm&r=g\",\"caption\":\"Helinton\"},\"description\":\"Gerente comercial na empresa CloudExperts parceiro Microsoft focado em solu\u00e7\u00f5es de nuvem p\u00fablica para o mercado de pequenas e m\u00e9dias empresas.\",\"sameAs\":[\"https:\\\/\\\/plus.google.com\\\/u\\\/0\\\/+HelintonDias\",\"https:\\\/\\\/www.facebook.com\\\/helinton.dias\",\"https:\\\/\\\/x.com\\\/helintondias\"],\"url\":\"https:\\\/\\\/www.office365brasil.com.br\\\/365blog\\\/author\\\/helinton\\\/\"}]}<\/script>\n<!-- \/ Yoast SEO plugin. -->","yoast_head_json":{"title":"Enterprise social e o novidades no Office 365","description":"Enterprise social \u00e9 nova iniciativa Microsoft de integra\u00e7\u00e3o entre pessoas e informa\u00e7\u00f5es para dinamizar o trabalho e melhorar a produtividade nas empresas.","robots":{"index":"index","follow":"follow","max-snippet":"max-snippet:-1","max-image-preview":"max-image-preview:large","max-video-preview":"max-video-preview:-1"},"canonical":"https:\/\/www.office365brasil.com.br\/365blog\/sharepointonline\/enterprise-social-office-365\/","og_locale":"pt_BR","og_type":"article","og_title":"Enterprise social e o novidades no Office 365","og_description":"Enterprise social \u00e9 nova iniciativa Microsoft de integra\u00e7\u00e3o entre pessoas e informa\u00e7\u00f5es para dinamizar o trabalho e melhorar a produtividade nas empresas.","og_url":"https:\/\/www.office365brasil.com.br\/365blog\/sharepointonline\/enterprise-social-office-365\/","og_site_name":"365Brasil Blog - Novidades sobre o Microsoft 365","article_author":"https:\/\/www.facebook.com\/helinton.dias","article_published_time":"2014-03-12T15:11:24+00:00","article_modified_time":"2014-05-21T20:45:29+00:00","og_image":[{"url":"https:\/\/www.office365brasil.com.br\/365blog\/wp-content\/uploads\/2014\/03\/ES_01-1024x5761_thumb.jpg","type":"","width":"","height":""}],"author":"Helinton","twitter_card":"summary_large_image","twitter_creator":"@helintondias","twitter_misc":{"Escrito por":"Helinton","Est. tempo de leitura":"3 minutos"},"schema":{"@context":"https:\/\/schema.org","@graph":[{"@type":"Article","@id":"https:\/\/www.office365brasil.com.br\/365blog\/sharepointonline\/enterprise-social-office-365\/#article","isPartOf":{"@id":"https:\/\/www.office365brasil.com.br\/365blog\/sharepointonline\/enterprise-social-office-365\/"},"author":{"name":"Helinton","@id":"https:\/\/www.office365brasil.com.br\/365blog\/#\/schema\/person\/5eecfa02cb728635087ffe1dd1c14682"},"headline":"Enterprise social integrada ao Office 365","datePublished":"2014-03-12T15:11:24+00:00","dateModified":"2014-05-21T20:45:29+00:00","mainEntityOfPage":{"@id":"https:\/\/www.office365brasil.com.br\/365blog\/sharepointonline\/enterprise-social-office-365\/"},"wordCount":587,"commentCount":0,"publisher":{"@id":"https:\/\/www.office365brasil.com.br\/365blog\/#organization"},"image":{"@id":"https:\/\/www.office365brasil.com.br\/365blog\/sharepointonline\/enterprise-social-office-365\/#primaryimage"},"thumbnailUrl":"https:\/\/www.office365brasil.com.br\/365blog\/wp-content\/uploads\/2014\/03\/ES_01-1024x5761_thumb.jpg","keywords":["colabora\u00e7\u00e3o","sharepoint online","yammer"],"articleSection":["Sharepoint Online"],"inLanguage":"pt-BR","potentialAction":[{"@type":"CommentAction","name":"Comment","target":["https:\/\/www.office365brasil.com.br\/365blog\/sharepointonline\/enterprise-social-office-365\/#respond"]}]},{"@type":"WebPage","@id":"https:\/\/www.office365brasil.com.br\/365blog\/sharepointonline\/enterprise-social-office-365\/","url":"https:\/\/www.office365brasil.com.br\/365blog\/sharepointonline\/enterprise-social-office-365\/","name":"Enterprise social e o novidades no Office 365","isPartOf":{"@id":"https:\/\/www.office365brasil.com.br\/365blog\/#website"},"primaryImageOfPage":{"@id":"https:\/\/www.office365brasil.com.br\/365blog\/sharepointonline\/enterprise-social-office-365\/#primaryimage"},"image":{"@id":"https:\/\/www.office365brasil.com.br\/365blog\/sharepointonline\/enterprise-social-office-365\/#primaryimage"},"thumbnailUrl":"https:\/\/www.office365brasil.com.br\/365blog\/wp-content\/uploads\/2014\/03\/ES_01-1024x5761_thumb.jpg","datePublished":"2014-03-12T15:11:24+00:00","dateModified":"2014-05-21T20:45:29+00:00","description":"Enterprise social \u00e9 nova iniciativa Microsoft de integra\u00e7\u00e3o entre pessoas e informa\u00e7\u00f5es para dinamizar o trabalho e melhorar a produtividade nas empresas.","breadcrumb":{"@id":"https:\/\/www.office365brasil.com.br\/365blog\/sharepointonline\/enterprise-social-office-365\/#breadcrumb"},"inLanguage":"pt-BR","potentialAction":[{"@type":"ReadAction","target":["https:\/\/www.office365brasil.com.br\/365blog\/sharepointonline\/enterprise-social-office-365\/"]}]},{"@type":"ImageObject","inLanguage":"pt-BR","@id":"https:\/\/www.office365brasil.com.br\/365blog\/sharepointonline\/enterprise-social-office-365\/#primaryimage","url":"https:\/\/www.office365brasil.com.br\/365blog\/wp-content\/uploads\/2014\/03\/ES_01-1024x5761_thumb.jpg","contentUrl":"https:\/\/www.office365brasil.com.br\/365blog\/wp-content\/uploads\/2014\/03\/ES_01-1024x5761_thumb.jpg","width":600,"height":338},{"@type":"BreadcrumbList","@id":"https:\/\/www.office365brasil.com.br\/365blog\/sharepointonline\/enterprise-social-office-365\/#breadcrumb","itemListElement":[{"@type":"ListItem","position":1,"name":"Home","item":"https:\/\/www.office365brasil.com.br\/365blog\/"},{"@type":"ListItem","position":2,"name":"Enterprise social integrada ao Office 365"}]},{"@type":"WebSite","@id":"https:\/\/www.office365brasil.com.br\/365blog\/#website","url":"https:\/\/www.office365brasil.com.br\/365blog\/","name":"365Brasil Blog - Novidades sobre o Microsoft 365","description":"Novidades e artigos relacionados sobre o Microsoft 365","publisher":{"@id":"https:\/\/www.office365brasil.com.br\/365blog\/#organization"},"potentialAction":[{"@type":"SearchAction","target":{"@type":"EntryPoint","urlTemplate":"https:\/\/www.office365brasil.com.br\/365blog\/?s={search_term_string}"},"query-input":{"@type":"PropertyValueSpecification","valueRequired":true,"valueName":"search_term_string"}}],"inLanguage":"pt-BR"},{"@type":"Organization","@id":"https:\/\/www.office365brasil.com.br\/365blog\/#organization","name":"365Brasil Blog - Novidades sobre o Microsoft 365","url":"https:\/\/www.office365brasil.com.br\/365blog\/","logo":{"@type":"ImageObject","inLanguage":"pt-BR","@id":"https:\/\/www.office365brasil.com.br\/365blog\/#\/schema\/logo\/image\/","url":"https:\/\/www.office365brasil.com.br\/365blog\/wp-content\/uploads\/2021\/04\/logo.png","contentUrl":"https:\/\/www.office365brasil.com.br\/365blog\/wp-content\/uploads\/2021\/04\/logo.png","width":318,"height":65,"caption":"365Brasil Blog - Novidades sobre o Microsoft 365"},"image":{"@id":"https:\/\/www.office365brasil.com.br\/365blog\/#\/schema\/logo\/image\/"}},{"@type":"Person","@id":"https:\/\/www.office365brasil.com.br\/365blog\/#\/schema\/person\/5eecfa02cb728635087ffe1dd1c14682","name":"Helinton","image":{"@type":"ImageObject","inLanguage":"pt-BR","@id":"https:\/\/secure.gravatar.com\/avatar\/e94f64dc2d8245c43543b261db6f23bfc05b72d7e346b2d603e02e1d6006a039?s=96&d=mm&r=g","url":"https:\/\/secure.gravatar.com\/avatar\/e94f64dc2d8245c43543b261db6f23bfc05b72d7e346b2d603e02e1d6006a039?s=96&d=mm&r=g","contentUrl":"https:\/\/secure.gravatar.com\/avatar\/e94f64dc2d8245c43543b261db6f23bfc05b72d7e346b2d603e02e1d6006a039?s=96&d=mm&r=g","caption":"Helinton"},"description":"Gerente comercial na empresa CloudExperts parceiro Microsoft focado em solu\u00e7\u00f5es de nuvem p\u00fablica para o mercado de pequenas e m\u00e9dias empresas.","sameAs":["https:\/\/plus.google.com\/u\/0\/+HelintonDias","https:\/\/www.facebook.com\/helinton.dias","https:\/\/x.com\/helintondias"],"url":"https:\/\/www.office365brasil.com.br\/365blog\/author\/helinton\/"}]}},"_links":{"self":[{"href":"https:\/\/www.office365brasil.com.br\/365blog\/wp-json\/wp\/v2\/posts\/1468","targetHints":{"allow":["GET"]}}],"collection":[{"href":"https:\/\/www.office365brasil.com.br\/365blog\/wp-json\/wp\/v2\/posts"}],"about":[{"href":"https:\/\/www.office365brasil.com.br\/365blog\/wp-json\/wp\/v2\/types\/post"}],"author":[{"embeddable":true,"href":"https:\/\/www.office365brasil.com.br\/365blog\/wp-json\/wp\/v2\/users\/2"}],"replies":[{"embeddable":true,"href":"https:\/\/www.office365brasil.com.br\/365blog\/wp-json\/wp\/v2\/comments?post=1468"}],"version-history":[{"count":8,"href":"https:\/\/www.office365brasil.com.br\/365blog\/wp-json\/wp\/v2\/posts\/1468\/revisions"}],"predecessor-version":[{"id":3444,"href":"https:\/\/www.office365brasil.com.br\/365blog\/wp-json\/wp\/v2\/posts\/1468\/revisions\/3444"}],"wp:attachment":[{"href":"https:\/\/www.office365brasil.com.br\/365blog\/wp-json\/wp\/v2\/media?parent=1468"}],"wp:term":[{"taxonomy":"category","embeddable":true,"href":"https:\/\/www.office365brasil.com.br\/365blog\/wp-json\/wp\/v2\/categories?post=1468"},{"taxonomy":"post_tag","embeddable":true,"href":"https:\/\/www.office365brasil.com.br\/365blog\/wp-json\/wp\/v2\/tags?post=1468"}],"curies":[{"name":"wp","href":"https:\/\/api.w.org\/{rel}","templated":true}]}}