{"id":326,"date":"2012-05-26T11:47:12","date_gmt":"2012-05-26T14:47:12","guid":{"rendered":"https:\/\/www.office365brasil.com.br\/365blog\/?p=326"},"modified":"2012-05-26T11:47:12","modified_gmt":"2012-05-26T14:47:12","slug":"trabalhando-com-mac-e-office","status":"publish","type":"post","link":"https:\/\/www.office365brasil.com.br\/365blog\/office\/trabalhando-com-mac-e-office\/","title":{"rendered":"Trabalhando com Mac e Office"},"content":{"rendered":"<p>Muitas pessoas usam os computadores da Apple no seu dia a dia. E isso pode estar relacionado as mais diferentes raz\u00f5es que v\u00e3o desde simples prefer\u00eancia a necessidade de aplica\u00e7\u00f5es gr\u00e1ficas que s\u00e3o efetivas no Mac.<\/p>\n<p>Mas o que todo precisam \u00e9 usar tamb\u00e9m uma su\u00edte de produtividade eficiente e que forne\u00e7a recursos essenciais como acesso ao e-mail, calend\u00e1rios, tarefas e edi\u00e7\u00e3o de documentos. O <a href=\"http:\/\/www.microsoft.com\/brasil\/mac\">Office para Mac<\/a> fornece tais recursos ess\u00eancias e se voc\u00ea usa o Mac fique tranquilo pois o <a title=\"Office 365\" href=\"http:\/\/www.office365brasil.com.br\">Office 365<\/a> tamb\u00e9m \u00e9 compat\u00edvel.<\/p>\n<p>No v\u00eddeo abaixo voc\u00ea vai conhecer alguns recursos super legais que est\u00e3o dispon\u00edveis para os usu\u00e1rios de Mac que tamb\u00e9m utilizam o <a href=\"http:\/\/www.microsoft.com\/brasil\/mac\">Office para Mac<\/a>.<\/p>\n<div class=\"wlWriterEditableSmartContent\" id=\"scid:5737277B-5D6D-4f48-ABFC-DD9C333F4C5D:60cbec0b-2509-47b9-a50e-cb560471cca9\" style=\"margin: 0px; display: inline; float: none; padding: 0px;\">\n<div><object width=\"582\" height=\"327\" classid=\"clsid:d27cdb6e-ae6d-11cf-96b8-444553540000\" codebase=\"http:\/\/download.macromedia.com\/pub\/shockwave\/cabs\/flash\/swflash.cab#version=6,0,40,0\"><param name=\"src\" value=\"http:\/\/www.youtube.com\/v\/7agXnCHTJl8?hl=en&amp;hd=1\" \/><embed width=\"582\" height=\"327\" type=\"application\/x-shockwave-flash\" src=\"http:\/\/www.youtube.com\/v\/7agXnCHTJl8?hl=en&amp;hd=1\" \/><\/object><\/div>\n<div style=\"width: 582px; clear: both; font-size: .8em;\">Office para Mac<\/div>\n<\/div>\n<!-- AddThis Advanced Settings generic via filter on the_content --><!-- AddThis Share Buttons generic via filter on the_content -->","protected":false},"excerpt":{"rendered":"<p>Muitas pessoas usam os computadores da Apple no seu dia a dia. E isso pode estar relacionado as mais diferentes<!-- AddThis Advanced Settings generic via filter on wp_trim_excerpt --><!-- AddThis Share Buttons generic via filter on wp_trim_excerpt --><\/p>\n","protected":false},"author":2,"featured_media":0,"comment_status":"open","ping_status":"open","sticky":false,"template":"","format":"standard","meta":{"colormag_page_container_layout":"default_layout","colormag_page_sidebar_layout":"default_layout","footnotes":""},"categories":[6],"tags":[103,117,294],"class_list":["post-326","post","type-post","status-publish","format-standard","hentry","category-office","tag-integracao","tag-mac","tag-office"],"yoast_head":"<!-- This site is optimized with the Yoast SEO plugin v27.4 - https:\/\/yoast.com\/product\/yoast-seo-wordpress\/ -->\n<title>Trabalhando com Mac e Office - 365Brasil Blog - Novidades sobre o Microsoft 365<\/title>\n<meta name=\"robots\" content=\"index, follow, max-snippet:-1, max-image-preview:large, max-video-preview:-1\" \/>\n<link rel=\"canonical\" href=\"https:\/\/www.office365brasil.com.br\/365blog\/office\/trabalhando-com-mac-e-office\/\" \/>\n<meta property=\"og:locale\" content=\"pt_BR\" \/>\n<meta property=\"og:type\" content=\"article\" \/>\n<meta property=\"og:title\" content=\"Trabalhando com Mac e Office - 365Brasil Blog - Novidades sobre o Microsoft 365\" \/>\n<meta property=\"og:description\" content=\"Muitas pessoas usam os computadores da Apple no seu dia a dia. E isso pode estar relacionado as mais diferentes\" \/>\n<meta property=\"og:url\" content=\"https:\/\/www.office365brasil.com.br\/365blog\/office\/trabalhando-com-mac-e-office\/\" \/>\n<meta property=\"og:site_name\" content=\"365Brasil Blog - Novidades sobre o Microsoft 365\" \/>\n<meta property=\"article:author\" content=\"https:\/\/www.facebook.com\/helinton.dias\" \/>\n<meta property=\"article:published_time\" content=\"2012-05-26T14:47:12+00:00\" \/>\n<meta name=\"author\" content=\"Helinton\" \/>\n<meta name=\"twitter:card\" content=\"summary_large_image\" \/>\n<meta name=\"twitter:creator\" content=\"@helintondias\" \/>\n<meta name=\"twitter:label1\" content=\"Escrito por\" \/>\n\t<meta name=\"twitter:data1\" content=\"Helinton\" \/>\n\t<meta name=\"twitter:label2\" content=\"Est. tempo de leitura\" \/>\n\t<meta name=\"twitter:data2\" content=\"1 minuto\" \/>\n<script type=\"application\/ld+json\" class=\"yoast-schema-graph\">{\"@context\":\"https:\\\/\\\/schema.org\",\"@graph\":[{\"@type\":\"Article\",\"@id\":\"https:\\\/\\\/www.office365brasil.com.br\\\/365blog\\\/office\\\/trabalhando-com-mac-e-office\\\/#article\",\"isPartOf\":{\"@id\":\"https:\\\/\\\/www.office365brasil.com.br\\\/365blog\\\/office\\\/trabalhando-com-mac-e-office\\\/\"},\"author\":{\"name\":\"Helinton\",\"@id\":\"https:\\\/\\\/www.office365brasil.com.br\\\/365blog\\\/#\\\/schema\\\/person\\\/5eecfa02cb728635087ffe1dd1c14682\"},\"headline\":\"Trabalhando com Mac e Office\",\"datePublished\":\"2012-05-26T14:47:12+00:00\",\"mainEntityOfPage\":{\"@id\":\"https:\\\/\\\/www.office365brasil.com.br\\\/365blog\\\/office\\\/trabalhando-com-mac-e-office\\\/\"},\"wordCount\":136,\"commentCount\":0,\"publisher\":{\"@id\":\"https:\\\/\\\/www.office365brasil.com.br\\\/365blog\\\/#organization\"},\"keywords\":[\"integra\u00e7\u00e3o\",\"mac\",\"Office\"],\"articleSection\":[\"Office\"],\"inLanguage\":\"pt-BR\",\"potentialAction\":[{\"@type\":\"CommentAction\",\"name\":\"Comment\",\"target\":[\"https:\\\/\\\/www.office365brasil.com.br\\\/365blog\\\/office\\\/trabalhando-com-mac-e-office\\\/#respond\"]}]},{\"@type\":\"WebPage\",\"@id\":\"https:\\\/\\\/www.office365brasil.com.br\\\/365blog\\\/office\\\/trabalhando-com-mac-e-office\\\/\",\"url\":\"https:\\\/\\\/www.office365brasil.com.br\\\/365blog\\\/office\\\/trabalhando-com-mac-e-office\\\/\",\"name\":\"Trabalhando com Mac e Office - 365Brasil Blog - Novidades sobre o Microsoft 365\",\"isPartOf\":{\"@id\":\"https:\\\/\\\/www.office365brasil.com.br\\\/365blog\\\/#website\"},\"datePublished\":\"2012-05-26T14:47:12+00:00\",\"breadcrumb\":{\"@id\":\"https:\\\/\\\/www.office365brasil.com.br\\\/365blog\\\/office\\\/trabalhando-com-mac-e-office\\\/#breadcrumb\"},\"inLanguage\":\"pt-BR\",\"potentialAction\":[{\"@type\":\"ReadAction\",\"target\":[\"https:\\\/\\\/www.office365brasil.com.br\\\/365blog\\\/office\\\/trabalhando-com-mac-e-office\\\/\"]}]},{\"@type\":\"BreadcrumbList\",\"@id\":\"https:\\\/\\\/www.office365brasil.com.br\\\/365blog\\\/office\\\/trabalhando-com-mac-e-office\\\/#breadcrumb\",\"itemListElement\":[{\"@type\":\"ListItem\",\"position\":1,\"name\":\"Home\",\"item\":\"https:\\\/\\\/www.office365brasil.com.br\\\/365blog\\\/\"},{\"@type\":\"ListItem\",\"position\":2,\"name\":\"Trabalhando com Mac e Office\"}]},{\"@type\":\"WebSite\",\"@id\":\"https:\\\/\\\/www.office365brasil.com.br\\\/365blog\\\/#website\",\"url\":\"https:\\\/\\\/www.office365brasil.com.br\\\/365blog\\\/\",\"name\":\"365Brasil Blog - Novidades sobre o Microsoft 365\",\"description\":\"Novidades e artigos relacionados sobre o Microsoft 365\",\"publisher\":{\"@id\":\"https:\\\/\\\/www.office365brasil.com.br\\\/365blog\\\/#organization\"},\"potentialAction\":[{\"@type\":\"SearchAction\",\"target\":{\"@type\":\"EntryPoint\",\"urlTemplate\":\"https:\\\/\\\/www.office365brasil.com.br\\\/365blog\\\/?s={search_term_string}\"},\"query-input\":{\"@type\":\"PropertyValueSpecification\",\"valueRequired\":true,\"valueName\":\"search_term_string\"}}],\"inLanguage\":\"pt-BR\"},{\"@type\":\"Organization\",\"@id\":\"https:\\\/\\\/www.office365brasil.com.br\\\/365blog\\\/#organization\",\"name\":\"365Brasil Blog - Novidades sobre o Microsoft 365\",\"url\":\"https:\\\/\\\/www.office365brasil.com.br\\\/365blog\\\/\",\"logo\":{\"@type\":\"ImageObject\",\"inLanguage\":\"pt-BR\",\"@id\":\"https:\\\/\\\/www.office365brasil.com.br\\\/365blog\\\/#\\\/schema\\\/logo\\\/image\\\/\",\"url\":\"https:\\\/\\\/www.office365brasil.com.br\\\/365blog\\\/wp-content\\\/uploads\\\/2021\\\/04\\\/logo.png\",\"contentUrl\":\"https:\\\/\\\/www.office365brasil.com.br\\\/365blog\\\/wp-content\\\/uploads\\\/2021\\\/04\\\/logo.png\",\"width\":318,\"height\":65,\"caption\":\"365Brasil Blog - Novidades sobre o Microsoft 365\"},\"image\":{\"@id\":\"https:\\\/\\\/www.office365brasil.com.br\\\/365blog\\\/#\\\/schema\\\/logo\\\/image\\\/\"}},{\"@type\":\"Person\",\"@id\":\"https:\\\/\\\/www.office365brasil.com.br\\\/365blog\\\/#\\\/schema\\\/person\\\/5eecfa02cb728635087ffe1dd1c14682\",\"name\":\"Helinton\",\"image\":{\"@type\":\"ImageObject\",\"inLanguage\":\"pt-BR\",\"@id\":\"https:\\\/\\\/secure.gravatar.com\\\/avatar\\\/e94f64dc2d8245c43543b261db6f23bfc05b72d7e346b2d603e02e1d6006a039?s=96&d=mm&r=g\",\"url\":\"https:\\\/\\\/secure.gravatar.com\\\/avatar\\\/e94f64dc2d8245c43543b261db6f23bfc05b72d7e346b2d603e02e1d6006a039?s=96&d=mm&r=g\",\"contentUrl\":\"https:\\\/\\\/secure.gravatar.com\\\/avatar\\\/e94f64dc2d8245c43543b261db6f23bfc05b72d7e346b2d603e02e1d6006a039?s=96&d=mm&r=g\",\"caption\":\"Helinton\"},\"description\":\"Gerente comercial na empresa CloudExperts parceiro Microsoft focado em solu\u00e7\u00f5es de nuvem p\u00fablica para o mercado de pequenas e m\u00e9dias empresas.\",\"sameAs\":[\"https:\\\/\\\/plus.google.com\\\/u\\\/0\\\/+HelintonDias\",\"https:\\\/\\\/www.facebook.com\\\/helinton.dias\",\"https:\\\/\\\/x.com\\\/helintondias\"],\"url\":\"https:\\\/\\\/www.office365brasil.com.br\\\/365blog\\\/author\\\/helinton\\\/\"}]}<\/script>\n<!-- \/ Yoast SEO plugin. -->","yoast_head_json":{"title":"Trabalhando com Mac e Office - 365Brasil Blog - Novidades sobre o Microsoft 365","robots":{"index":"index","follow":"follow","max-snippet":"max-snippet:-1","max-image-preview":"max-image-preview:large","max-video-preview":"max-video-preview:-1"},"canonical":"https:\/\/www.office365brasil.com.br\/365blog\/office\/trabalhando-com-mac-e-office\/","og_locale":"pt_BR","og_type":"article","og_title":"Trabalhando com Mac e Office - 365Brasil Blog - Novidades sobre o Microsoft 365","og_description":"Muitas pessoas usam os computadores da Apple no seu dia a dia. E isso pode estar relacionado as mais diferentes","og_url":"https:\/\/www.office365brasil.com.br\/365blog\/office\/trabalhando-com-mac-e-office\/","og_site_name":"365Brasil Blog - Novidades sobre o Microsoft 365","article_author":"https:\/\/www.facebook.com\/helinton.dias","article_published_time":"2012-05-26T14:47:12+00:00","author":"Helinton","twitter_card":"summary_large_image","twitter_creator":"@helintondias","twitter_misc":{"Escrito por":"Helinton","Est. tempo de leitura":"1 minuto"},"schema":{"@context":"https:\/\/schema.org","@graph":[{"@type":"Article","@id":"https:\/\/www.office365brasil.com.br\/365blog\/office\/trabalhando-com-mac-e-office\/#article","isPartOf":{"@id":"https:\/\/www.office365brasil.com.br\/365blog\/office\/trabalhando-com-mac-e-office\/"},"author":{"name":"Helinton","@id":"https:\/\/www.office365brasil.com.br\/365blog\/#\/schema\/person\/5eecfa02cb728635087ffe1dd1c14682"},"headline":"Trabalhando com Mac e Office","datePublished":"2012-05-26T14:47:12+00:00","mainEntityOfPage":{"@id":"https:\/\/www.office365brasil.com.br\/365blog\/office\/trabalhando-com-mac-e-office\/"},"wordCount":136,"commentCount":0,"publisher":{"@id":"https:\/\/www.office365brasil.com.br\/365blog\/#organization"},"keywords":["integra\u00e7\u00e3o","mac","Office"],"articleSection":["Office"],"inLanguage":"pt-BR","potentialAction":[{"@type":"CommentAction","name":"Comment","target":["https:\/\/www.office365brasil.com.br\/365blog\/office\/trabalhando-com-mac-e-office\/#respond"]}]},{"@type":"WebPage","@id":"https:\/\/www.office365brasil.com.br\/365blog\/office\/trabalhando-com-mac-e-office\/","url":"https:\/\/www.office365brasil.com.br\/365blog\/office\/trabalhando-com-mac-e-office\/","name":"Trabalhando com Mac e Office - 365Brasil Blog - Novidades sobre o Microsoft 365","isPartOf":{"@id":"https:\/\/www.office365brasil.com.br\/365blog\/#website"},"datePublished":"2012-05-26T14:47:12+00:00","breadcrumb":{"@id":"https:\/\/www.office365brasil.com.br\/365blog\/office\/trabalhando-com-mac-e-office\/#breadcrumb"},"inLanguage":"pt-BR","potentialAction":[{"@type":"ReadAction","target":["https:\/\/www.office365brasil.com.br\/365blog\/office\/trabalhando-com-mac-e-office\/"]}]},{"@type":"BreadcrumbList","@id":"https:\/\/www.office365brasil.com.br\/365blog\/office\/trabalhando-com-mac-e-office\/#breadcrumb","itemListElement":[{"@type":"ListItem","position":1,"name":"Home","item":"https:\/\/www.office365brasil.com.br\/365blog\/"},{"@type":"ListItem","position":2,"name":"Trabalhando com Mac e Office"}]},{"@type":"WebSite","@id":"https:\/\/www.office365brasil.com.br\/365blog\/#website","url":"https:\/\/www.office365brasil.com.br\/365blog\/","name":"365Brasil Blog - Novidades sobre o Microsoft 365","description":"Novidades e artigos relacionados sobre o Microsoft 365","publisher":{"@id":"https:\/\/www.office365brasil.com.br\/365blog\/#organization"},"potentialAction":[{"@type":"SearchAction","target":{"@type":"EntryPoint","urlTemplate":"https:\/\/www.office365brasil.com.br\/365blog\/?s={search_term_string}"},"query-input":{"@type":"PropertyValueSpecification","valueRequired":true,"valueName":"search_term_string"}}],"inLanguage":"pt-BR"},{"@type":"Organization","@id":"https:\/\/www.office365brasil.com.br\/365blog\/#organization","name":"365Brasil Blog - Novidades sobre o Microsoft 365","url":"https:\/\/www.office365brasil.com.br\/365blog\/","logo":{"@type":"ImageObject","inLanguage":"pt-BR","@id":"https:\/\/www.office365brasil.com.br\/365blog\/#\/schema\/logo\/image\/","url":"https:\/\/www.office365brasil.com.br\/365blog\/wp-content\/uploads\/2021\/04\/logo.png","contentUrl":"https:\/\/www.office365brasil.com.br\/365blog\/wp-content\/uploads\/2021\/04\/logo.png","width":318,"height":65,"caption":"365Brasil Blog - Novidades sobre o Microsoft 365"},"image":{"@id":"https:\/\/www.office365brasil.com.br\/365blog\/#\/schema\/logo\/image\/"}},{"@type":"Person","@id":"https:\/\/www.office365brasil.com.br\/365blog\/#\/schema\/person\/5eecfa02cb728635087ffe1dd1c14682","name":"Helinton","image":{"@type":"ImageObject","inLanguage":"pt-BR","@id":"https:\/\/secure.gravatar.com\/avatar\/e94f64dc2d8245c43543b261db6f23bfc05b72d7e346b2d603e02e1d6006a039?s=96&d=mm&r=g","url":"https:\/\/secure.gravatar.com\/avatar\/e94f64dc2d8245c43543b261db6f23bfc05b72d7e346b2d603e02e1d6006a039?s=96&d=mm&r=g","contentUrl":"https:\/\/secure.gravatar.com\/avatar\/e94f64dc2d8245c43543b261db6f23bfc05b72d7e346b2d603e02e1d6006a039?s=96&d=mm&r=g","caption":"Helinton"},"description":"Gerente comercial na empresa CloudExperts parceiro Microsoft focado em solu\u00e7\u00f5es de nuvem p\u00fablica para o mercado de pequenas e m\u00e9dias empresas.","sameAs":["https:\/\/plus.google.com\/u\/0\/+HelintonDias","https:\/\/www.facebook.com\/helinton.dias","https:\/\/x.com\/helintondias"],"url":"https:\/\/www.office365brasil.com.br\/365blog\/author\/helinton\/"}]}},"_links":{"self":[{"href":"https:\/\/www.office365brasil.com.br\/365blog\/wp-json\/wp\/v2\/posts\/326","targetHints":{"allow":["GET"]}}],"collection":[{"href":"https:\/\/www.office365brasil.com.br\/365blog\/wp-json\/wp\/v2\/posts"}],"about":[{"href":"https:\/\/www.office365brasil.com.br\/365blog\/wp-json\/wp\/v2\/types\/post"}],"author":[{"embeddable":true,"href":"https:\/\/www.office365brasil.com.br\/365blog\/wp-json\/wp\/v2\/users\/2"}],"replies":[{"embeddable":true,"href":"https:\/\/www.office365brasil.com.br\/365blog\/wp-json\/wp\/v2\/comments?post=326"}],"version-history":[{"count":0,"href":"https:\/\/www.office365brasil.com.br\/365blog\/wp-json\/wp\/v2\/posts\/326\/revisions"}],"wp:attachment":[{"href":"https:\/\/www.office365brasil.com.br\/365blog\/wp-json\/wp\/v2\/media?parent=326"}],"wp:term":[{"taxonomy":"category","embeddable":true,"href":"https:\/\/www.office365brasil.com.br\/365blog\/wp-json\/wp\/v2\/categories?post=326"},{"taxonomy":"post_tag","embeddable":true,"href":"https:\/\/www.office365brasil.com.br\/365blog\/wp-json\/wp\/v2\/tags?post=326"}],"curies":[{"name":"wp","href":"https:\/\/api.w.org\/{rel}","templated":true}]}}