{"id":46,"date":"2011-07-17T12:02:39","date_gmt":"2011-07-17T15:02:39","guid":{"rendered":"https:\/\/www.office365brasil.com.br\/365blog\/office-365\/integrando-seu-negcio-ao-office-365\/"},"modified":"2011-07-17T12:02:39","modified_gmt":"2011-07-17T15:02:39","slug":"integrando-seu-negcio-ao-office-365","status":"publish","type":"post","link":"https:\/\/www.office365brasil.com.br\/365blog\/office-365\/integrando-seu-negcio-ao-office-365\/","title":{"rendered":"Integrando seu neg\u00f3cio ao Office 365"},"content":{"rendered":"<p>A demonstra\u00e7\u00e3o a seguir \u00e9 uma eficiente forma de perceber todo o potencial de integra\u00e7\u00e3o do <a href=\"http:\/\/www.office365brasil.com.br\">Office 365<\/a> com as principais estrat\u00e9gias de neg\u00f3cios de empresas de v\u00e1rios tamanhos.<\/p>\n<p>Observer como um plataforma robusta e que se integra eficientemente pode trazer facilidade e simplicidade na execu\u00e7\u00e3o de tarefas t\u00e3o necess\u00e1rias como uma reuni\u00e3o de neg\u00f3cios por exemplo.<\/p>\n<p>  <object id=\"slPreview\" type=\"application\/x-silverlight-2\" data=\"data:application\/x-silverlight-2,\" style=\"border-style:double; border-width:1px\" width=\"600\" height=\"480\"><param name=\"Source\" value=\"http:\/\/www.demoshowcasesuite.com\/ClientBin\/Video.xap\" \/><param name=\"MinRuntimeVersion\" value=\"3.0\" \/><param name=\"Background\" value=\"white\" \/><param name=\"EnableHtmlAccess\" value=\"true\" \/><param name=\"InitParams\" value=\"DemoID=27bb5cd3-a3a4-41b7-be9a-0be243b49fbf,EmailID=00000000-0000-0000-0000-000000000000,UICultureCode=en-US,Host=http:\/\/www.demoshowcasesuite.com,Version=0.0.0,AutoStart=False\" \/><center><a href=\"http:\/\/go.microsoft.com\/fwlink\/?LinkId=149156\" style=\"text-decoration: none;\"><img decoding=\"async\" src=\"http:\/\/go.microsoft.com\/fwlink\/?LinkId=108181\" alt=\"Install Silverlight\" style=\"border-width: 0px;\" \/><\/a><\/center><\/object><\/p>\n<!-- AddThis Advanced Settings generic via filter on the_content --><!-- AddThis Share Buttons generic via filter on the_content -->","protected":false},"excerpt":{"rendered":"<p>A demonstra\u00e7\u00e3o a seguir \u00e9 uma eficiente forma de perceber todo o potencial de integra\u00e7\u00e3o do Office 365 com as<!-- AddThis Advanced Settings generic via filter on wp_trim_excerpt --><!-- AddThis Share Buttons generic via filter on wp_trim_excerpt --><\/p>\n","protected":false},"author":2,"featured_media":0,"comment_status":"open","ping_status":"open","sticky":false,"template":"","format":"standard","meta":{"colormag_page_container_layout":"default_layout","colormag_page_sidebar_layout":"default_layout","footnotes":""},"categories":[8],"tags":[43,103,132],"class_list":["post-46","post","type-post","status-publish","format-standard","hentry","category-office-365","tag-business","tag-integracao","tag-office-365-2"],"yoast_head":"<!-- This site is optimized with the Yoast SEO plugin v27.4 - https:\/\/yoast.com\/product\/yoast-seo-wordpress\/ -->\n<title>Integrando seu neg\u00f3cio ao Office 365 - 365Brasil Blog - Novidades sobre o Microsoft 365<\/title>\n<meta name=\"robots\" content=\"index, follow, max-snippet:-1, max-image-preview:large, max-video-preview:-1\" \/>\n<link rel=\"canonical\" href=\"https:\/\/www.office365brasil.com.br\/365blog\/office-365\/integrando-seu-negcio-ao-office-365\/\" \/>\n<meta property=\"og:locale\" content=\"pt_BR\" \/>\n<meta property=\"og:type\" content=\"article\" \/>\n<meta property=\"og:title\" content=\"Integrando seu neg\u00f3cio ao Office 365 - 365Brasil Blog - Novidades sobre o Microsoft 365\" \/>\n<meta property=\"og:description\" content=\"A demonstra\u00e7\u00e3o a seguir \u00e9 uma eficiente forma de perceber todo o potencial de integra\u00e7\u00e3o do Office 365 com as\" \/>\n<meta property=\"og:url\" content=\"https:\/\/www.office365brasil.com.br\/365blog\/office-365\/integrando-seu-negcio-ao-office-365\/\" \/>\n<meta property=\"og:site_name\" content=\"365Brasil Blog - Novidades sobre o Microsoft 365\" \/>\n<meta property=\"article:author\" content=\"https:\/\/www.facebook.com\/helinton.dias\" \/>\n<meta property=\"article:published_time\" content=\"2011-07-17T15:02:39+00:00\" \/>\n<meta property=\"og:image\" content=\"http:\/\/go.microsoft.com\/fwlink\/?LinkId=108181\" \/>\n<meta name=\"author\" content=\"Helinton\" \/>\n<meta name=\"twitter:card\" content=\"summary_large_image\" \/>\n<meta name=\"twitter:creator\" content=\"@helintondias\" \/>\n<meta name=\"twitter:label1\" content=\"Escrito por\" \/>\n\t<meta name=\"twitter:data1\" content=\"Helinton\" \/>\n<script type=\"application\/ld+json\" class=\"yoast-schema-graph\">{\"@context\":\"https:\\\/\\\/schema.org\",\"@graph\":[{\"@type\":\"Article\",\"@id\":\"https:\\\/\\\/www.office365brasil.com.br\\\/365blog\\\/office-365\\\/integrando-seu-negcio-ao-office-365\\\/#article\",\"isPartOf\":{\"@id\":\"https:\\\/\\\/www.office365brasil.com.br\\\/365blog\\\/office-365\\\/integrando-seu-negcio-ao-office-365\\\/\"},\"author\":{\"name\":\"Helinton\",\"@id\":\"https:\\\/\\\/www.office365brasil.com.br\\\/365blog\\\/#\\\/schema\\\/person\\\/5eecfa02cb728635087ffe1dd1c14682\"},\"headline\":\"Integrando seu neg\u00f3cio ao Office 365\",\"datePublished\":\"2011-07-17T15:02:39+00:00\",\"mainEntityOfPage\":{\"@id\":\"https:\\\/\\\/www.office365brasil.com.br\\\/365blog\\\/office-365\\\/integrando-seu-negcio-ao-office-365\\\/\"},\"wordCount\":71,\"commentCount\":1,\"publisher\":{\"@id\":\"https:\\\/\\\/www.office365brasil.com.br\\\/365blog\\\/#organization\"},\"image\":{\"@id\":\"https:\\\/\\\/www.office365brasil.com.br\\\/365blog\\\/office-365\\\/integrando-seu-negcio-ao-office-365\\\/#primaryimage\"},\"thumbnailUrl\":\"http:\\\/\\\/go.microsoft.com\\\/fwlink\\\/?LinkId=108181\",\"keywords\":[\"business\",\"integra\u00e7\u00e3o\",\"office 365\"],\"articleSection\":[\"Office 365\"],\"inLanguage\":\"pt-BR\",\"potentialAction\":[{\"@type\":\"CommentAction\",\"name\":\"Comment\",\"target\":[\"https:\\\/\\\/www.office365brasil.com.br\\\/365blog\\\/office-365\\\/integrando-seu-negcio-ao-office-365\\\/#respond\"]}]},{\"@type\":\"WebPage\",\"@id\":\"https:\\\/\\\/www.office365brasil.com.br\\\/365blog\\\/office-365\\\/integrando-seu-negcio-ao-office-365\\\/\",\"url\":\"https:\\\/\\\/www.office365brasil.com.br\\\/365blog\\\/office-365\\\/integrando-seu-negcio-ao-office-365\\\/\",\"name\":\"Integrando seu neg\u00f3cio ao Office 365 - 365Brasil Blog - Novidades sobre o Microsoft 365\",\"isPartOf\":{\"@id\":\"https:\\\/\\\/www.office365brasil.com.br\\\/365blog\\\/#website\"},\"primaryImageOfPage\":{\"@id\":\"https:\\\/\\\/www.office365brasil.com.br\\\/365blog\\\/office-365\\\/integrando-seu-negcio-ao-office-365\\\/#primaryimage\"},\"image\":{\"@id\":\"https:\\\/\\\/www.office365brasil.com.br\\\/365blog\\\/office-365\\\/integrando-seu-negcio-ao-office-365\\\/#primaryimage\"},\"thumbnailUrl\":\"http:\\\/\\\/go.microsoft.com\\\/fwlink\\\/?LinkId=108181\",\"datePublished\":\"2011-07-17T15:02:39+00:00\",\"breadcrumb\":{\"@id\":\"https:\\\/\\\/www.office365brasil.com.br\\\/365blog\\\/office-365\\\/integrando-seu-negcio-ao-office-365\\\/#breadcrumb\"},\"inLanguage\":\"pt-BR\",\"potentialAction\":[{\"@type\":\"ReadAction\",\"target\":[\"https:\\\/\\\/www.office365brasil.com.br\\\/365blog\\\/office-365\\\/integrando-seu-negcio-ao-office-365\\\/\"]}]},{\"@type\":\"ImageObject\",\"inLanguage\":\"pt-BR\",\"@id\":\"https:\\\/\\\/www.office365brasil.com.br\\\/365blog\\\/office-365\\\/integrando-seu-negcio-ao-office-365\\\/#primaryimage\",\"url\":\"http:\\\/\\\/go.microsoft.com\\\/fwlink\\\/?LinkId=108181\",\"contentUrl\":\"http:\\\/\\\/go.microsoft.com\\\/fwlink\\\/?LinkId=108181\"},{\"@type\":\"BreadcrumbList\",\"@id\":\"https:\\\/\\\/www.office365brasil.com.br\\\/365blog\\\/office-365\\\/integrando-seu-negcio-ao-office-365\\\/#breadcrumb\",\"itemListElement\":[{\"@type\":\"ListItem\",\"position\":1,\"name\":\"Home\",\"item\":\"https:\\\/\\\/www.office365brasil.com.br\\\/365blog\\\/\"},{\"@type\":\"ListItem\",\"position\":2,\"name\":\"Integrando seu neg\u00f3cio ao Office 365\"}]},{\"@type\":\"WebSite\",\"@id\":\"https:\\\/\\\/www.office365brasil.com.br\\\/365blog\\\/#website\",\"url\":\"https:\\\/\\\/www.office365brasil.com.br\\\/365blog\\\/\",\"name\":\"365Brasil Blog - Novidades sobre o Microsoft 365\",\"description\":\"Novidades e artigos relacionados sobre o Microsoft 365\",\"publisher\":{\"@id\":\"https:\\\/\\\/www.office365brasil.com.br\\\/365blog\\\/#organization\"},\"potentialAction\":[{\"@type\":\"SearchAction\",\"target\":{\"@type\":\"EntryPoint\",\"urlTemplate\":\"https:\\\/\\\/www.office365brasil.com.br\\\/365blog\\\/?s={search_term_string}\"},\"query-input\":{\"@type\":\"PropertyValueSpecification\",\"valueRequired\":true,\"valueName\":\"search_term_string\"}}],\"inLanguage\":\"pt-BR\"},{\"@type\":\"Organization\",\"@id\":\"https:\\\/\\\/www.office365brasil.com.br\\\/365blog\\\/#organization\",\"name\":\"365Brasil Blog - Novidades sobre o Microsoft 365\",\"url\":\"https:\\\/\\\/www.office365brasil.com.br\\\/365blog\\\/\",\"logo\":{\"@type\":\"ImageObject\",\"inLanguage\":\"pt-BR\",\"@id\":\"https:\\\/\\\/www.office365brasil.com.br\\\/365blog\\\/#\\\/schema\\\/logo\\\/image\\\/\",\"url\":\"https:\\\/\\\/www.office365brasil.com.br\\\/365blog\\\/wp-content\\\/uploads\\\/2021\\\/04\\\/logo.png\",\"contentUrl\":\"https:\\\/\\\/www.office365brasil.com.br\\\/365blog\\\/wp-content\\\/uploads\\\/2021\\\/04\\\/logo.png\",\"width\":318,\"height\":65,\"caption\":\"365Brasil Blog - Novidades sobre o Microsoft 365\"},\"image\":{\"@id\":\"https:\\\/\\\/www.office365brasil.com.br\\\/365blog\\\/#\\\/schema\\\/logo\\\/image\\\/\"}},{\"@type\":\"Person\",\"@id\":\"https:\\\/\\\/www.office365brasil.com.br\\\/365blog\\\/#\\\/schema\\\/person\\\/5eecfa02cb728635087ffe1dd1c14682\",\"name\":\"Helinton\",\"image\":{\"@type\":\"ImageObject\",\"inLanguage\":\"pt-BR\",\"@id\":\"https:\\\/\\\/secure.gravatar.com\\\/avatar\\\/e94f64dc2d8245c43543b261db6f23bfc05b72d7e346b2d603e02e1d6006a039?s=96&d=mm&r=g\",\"url\":\"https:\\\/\\\/secure.gravatar.com\\\/avatar\\\/e94f64dc2d8245c43543b261db6f23bfc05b72d7e346b2d603e02e1d6006a039?s=96&d=mm&r=g\",\"contentUrl\":\"https:\\\/\\\/secure.gravatar.com\\\/avatar\\\/e94f64dc2d8245c43543b261db6f23bfc05b72d7e346b2d603e02e1d6006a039?s=96&d=mm&r=g\",\"caption\":\"Helinton\"},\"description\":\"Gerente comercial na empresa CloudExperts parceiro Microsoft focado em solu\u00e7\u00f5es de nuvem p\u00fablica para o mercado de pequenas e m\u00e9dias empresas.\",\"sameAs\":[\"https:\\\/\\\/plus.google.com\\\/u\\\/0\\\/+HelintonDias\",\"https:\\\/\\\/www.facebook.com\\\/helinton.dias\",\"https:\\\/\\\/x.com\\\/helintondias\"],\"url\":\"https:\\\/\\\/www.office365brasil.com.br\\\/365blog\\\/author\\\/helinton\\\/\"}]}<\/script>\n<!-- \/ Yoast SEO plugin. -->","yoast_head_json":{"title":"Integrando seu neg\u00f3cio ao Office 365 - 365Brasil Blog - Novidades sobre o Microsoft 365","robots":{"index":"index","follow":"follow","max-snippet":"max-snippet:-1","max-image-preview":"max-image-preview:large","max-video-preview":"max-video-preview:-1"},"canonical":"https:\/\/www.office365brasil.com.br\/365blog\/office-365\/integrando-seu-negcio-ao-office-365\/","og_locale":"pt_BR","og_type":"article","og_title":"Integrando seu neg\u00f3cio ao Office 365 - 365Brasil Blog - Novidades sobre o Microsoft 365","og_description":"A demonstra\u00e7\u00e3o a seguir \u00e9 uma eficiente forma de perceber todo o potencial de integra\u00e7\u00e3o do Office 365 com as","og_url":"https:\/\/www.office365brasil.com.br\/365blog\/office-365\/integrando-seu-negcio-ao-office-365\/","og_site_name":"365Brasil Blog - Novidades sobre o Microsoft 365","article_author":"https:\/\/www.facebook.com\/helinton.dias","article_published_time":"2011-07-17T15:02:39+00:00","og_image":[{"url":"http:\/\/go.microsoft.com\/fwlink\/?LinkId=108181","type":"","width":"","height":""}],"author":"Helinton","twitter_card":"summary_large_image","twitter_creator":"@helintondias","twitter_misc":{"Escrito por":"Helinton"},"schema":{"@context":"https:\/\/schema.org","@graph":[{"@type":"Article","@id":"https:\/\/www.office365brasil.com.br\/365blog\/office-365\/integrando-seu-negcio-ao-office-365\/#article","isPartOf":{"@id":"https:\/\/www.office365brasil.com.br\/365blog\/office-365\/integrando-seu-negcio-ao-office-365\/"},"author":{"name":"Helinton","@id":"https:\/\/www.office365brasil.com.br\/365blog\/#\/schema\/person\/5eecfa02cb728635087ffe1dd1c14682"},"headline":"Integrando seu neg\u00f3cio ao Office 365","datePublished":"2011-07-17T15:02:39+00:00","mainEntityOfPage":{"@id":"https:\/\/www.office365brasil.com.br\/365blog\/office-365\/integrando-seu-negcio-ao-office-365\/"},"wordCount":71,"commentCount":1,"publisher":{"@id":"https:\/\/www.office365brasil.com.br\/365blog\/#organization"},"image":{"@id":"https:\/\/www.office365brasil.com.br\/365blog\/office-365\/integrando-seu-negcio-ao-office-365\/#primaryimage"},"thumbnailUrl":"http:\/\/go.microsoft.com\/fwlink\/?LinkId=108181","keywords":["business","integra\u00e7\u00e3o","office 365"],"articleSection":["Office 365"],"inLanguage":"pt-BR","potentialAction":[{"@type":"CommentAction","name":"Comment","target":["https:\/\/www.office365brasil.com.br\/365blog\/office-365\/integrando-seu-negcio-ao-office-365\/#respond"]}]},{"@type":"WebPage","@id":"https:\/\/www.office365brasil.com.br\/365blog\/office-365\/integrando-seu-negcio-ao-office-365\/","url":"https:\/\/www.office365brasil.com.br\/365blog\/office-365\/integrando-seu-negcio-ao-office-365\/","name":"Integrando seu neg\u00f3cio ao Office 365 - 365Brasil Blog - Novidades sobre o Microsoft 365","isPartOf":{"@id":"https:\/\/www.office365brasil.com.br\/365blog\/#website"},"primaryImageOfPage":{"@id":"https:\/\/www.office365brasil.com.br\/365blog\/office-365\/integrando-seu-negcio-ao-office-365\/#primaryimage"},"image":{"@id":"https:\/\/www.office365brasil.com.br\/365blog\/office-365\/integrando-seu-negcio-ao-office-365\/#primaryimage"},"thumbnailUrl":"http:\/\/go.microsoft.com\/fwlink\/?LinkId=108181","datePublished":"2011-07-17T15:02:39+00:00","breadcrumb":{"@id":"https:\/\/www.office365brasil.com.br\/365blog\/office-365\/integrando-seu-negcio-ao-office-365\/#breadcrumb"},"inLanguage":"pt-BR","potentialAction":[{"@type":"ReadAction","target":["https:\/\/www.office365brasil.com.br\/365blog\/office-365\/integrando-seu-negcio-ao-office-365\/"]}]},{"@type":"ImageObject","inLanguage":"pt-BR","@id":"https:\/\/www.office365brasil.com.br\/365blog\/office-365\/integrando-seu-negcio-ao-office-365\/#primaryimage","url":"http:\/\/go.microsoft.com\/fwlink\/?LinkId=108181","contentUrl":"http:\/\/go.microsoft.com\/fwlink\/?LinkId=108181"},{"@type":"BreadcrumbList","@id":"https:\/\/www.office365brasil.com.br\/365blog\/office-365\/integrando-seu-negcio-ao-office-365\/#breadcrumb","itemListElement":[{"@type":"ListItem","position":1,"name":"Home","item":"https:\/\/www.office365brasil.com.br\/365blog\/"},{"@type":"ListItem","position":2,"name":"Integrando seu neg\u00f3cio ao Office 365"}]},{"@type":"WebSite","@id":"https:\/\/www.office365brasil.com.br\/365blog\/#website","url":"https:\/\/www.office365brasil.com.br\/365blog\/","name":"365Brasil Blog - Novidades sobre o Microsoft 365","description":"Novidades e artigos relacionados sobre o Microsoft 365","publisher":{"@id":"https:\/\/www.office365brasil.com.br\/365blog\/#organization"},"potentialAction":[{"@type":"SearchAction","target":{"@type":"EntryPoint","urlTemplate":"https:\/\/www.office365brasil.com.br\/365blog\/?s={search_term_string}"},"query-input":{"@type":"PropertyValueSpecification","valueRequired":true,"valueName":"search_term_string"}}],"inLanguage":"pt-BR"},{"@type":"Organization","@id":"https:\/\/www.office365brasil.com.br\/365blog\/#organization","name":"365Brasil Blog - Novidades sobre o Microsoft 365","url":"https:\/\/www.office365brasil.com.br\/365blog\/","logo":{"@type":"ImageObject","inLanguage":"pt-BR","@id":"https:\/\/www.office365brasil.com.br\/365blog\/#\/schema\/logo\/image\/","url":"https:\/\/www.office365brasil.com.br\/365blog\/wp-content\/uploads\/2021\/04\/logo.png","contentUrl":"https:\/\/www.office365brasil.com.br\/365blog\/wp-content\/uploads\/2021\/04\/logo.png","width":318,"height":65,"caption":"365Brasil Blog - Novidades sobre o Microsoft 365"},"image":{"@id":"https:\/\/www.office365brasil.com.br\/365blog\/#\/schema\/logo\/image\/"}},{"@type":"Person","@id":"https:\/\/www.office365brasil.com.br\/365blog\/#\/schema\/person\/5eecfa02cb728635087ffe1dd1c14682","name":"Helinton","image":{"@type":"ImageObject","inLanguage":"pt-BR","@id":"https:\/\/secure.gravatar.com\/avatar\/e94f64dc2d8245c43543b261db6f23bfc05b72d7e346b2d603e02e1d6006a039?s=96&d=mm&r=g","url":"https:\/\/secure.gravatar.com\/avatar\/e94f64dc2d8245c43543b261db6f23bfc05b72d7e346b2d603e02e1d6006a039?s=96&d=mm&r=g","contentUrl":"https:\/\/secure.gravatar.com\/avatar\/e94f64dc2d8245c43543b261db6f23bfc05b72d7e346b2d603e02e1d6006a039?s=96&d=mm&r=g","caption":"Helinton"},"description":"Gerente comercial na empresa CloudExperts parceiro Microsoft focado em solu\u00e7\u00f5es de nuvem p\u00fablica para o mercado de pequenas e m\u00e9dias empresas.","sameAs":["https:\/\/plus.google.com\/u\/0\/+HelintonDias","https:\/\/www.facebook.com\/helinton.dias","https:\/\/x.com\/helintondias"],"url":"https:\/\/www.office365brasil.com.br\/365blog\/author\/helinton\/"}]}},"_links":{"self":[{"href":"https:\/\/www.office365brasil.com.br\/365blog\/wp-json\/wp\/v2\/posts\/46","targetHints":{"allow":["GET"]}}],"collection":[{"href":"https:\/\/www.office365brasil.com.br\/365blog\/wp-json\/wp\/v2\/posts"}],"about":[{"href":"https:\/\/www.office365brasil.com.br\/365blog\/wp-json\/wp\/v2\/types\/post"}],"author":[{"embeddable":true,"href":"https:\/\/www.office365brasil.com.br\/365blog\/wp-json\/wp\/v2\/users\/2"}],"replies":[{"embeddable":true,"href":"https:\/\/www.office365brasil.com.br\/365blog\/wp-json\/wp\/v2\/comments?post=46"}],"version-history":[{"count":0,"href":"https:\/\/www.office365brasil.com.br\/365blog\/wp-json\/wp\/v2\/posts\/46\/revisions"}],"wp:attachment":[{"href":"https:\/\/www.office365brasil.com.br\/365blog\/wp-json\/wp\/v2\/media?parent=46"}],"wp:term":[{"taxonomy":"category","embeddable":true,"href":"https:\/\/www.office365brasil.com.br\/365blog\/wp-json\/wp\/v2\/categories?post=46"},{"taxonomy":"post_tag","embeddable":true,"href":"https:\/\/www.office365brasil.com.br\/365blog\/wp-json\/wp\/v2\/tags?post=46"}],"curies":[{"name":"wp","href":"https:\/\/api.w.org\/{rel}","templated":true}]}}