{"id":4621,"date":"2015-07-15T20:21:10","date_gmt":"2015-07-15T20:21:10","guid":{"rendered":"https:\/\/www.office365brasil.com.br\/365blog\/?p=4621"},"modified":"2015-07-16T19:36:01","modified_gmt":"2015-07-16T19:36:01","slug":"office-365-e5-novo-plano","status":"publish","type":"post","link":"https:\/\/www.office365brasil.com.br\/365blog\/office-365\/office-365-e5-novo-plano\/","title":{"rendered":"Office 365 E5: novo plano anunciado"},"content":{"rendered":"<p><img loading=\"lazy\" decoding=\"async\" class=\"alignnone\" src=\"http:\/\/cdn2.dropmark.com\/54634\/6d02d4b31c2016787129c4f56035eb5703bda3f5\/e5.png\" alt=\"Office 365 E5\" width=\"600\" height=\"200\" \/><\/p>\n<p>Atualmente o Office 365 para empresas \u00e9 divido essencialmente em planos para neg\u00f3cios com ate 300 usu\u00e1rios e os planos enterprise que n\u00e3o possuem limita\u00e7\u00f5es de quantidade de usu\u00e1rios. Temos nestes \u00faltimos o E1, E3 e E4. Hoje a <a href=\"http:\/\/www.microsoft.com\">Microsoft<\/a> fez uma an\u00fancio importante que \u00e9 o lan\u00e7amento do <strong>Office 365 E5<\/strong>. Um novo plano que substituir\u00e1 o E4 e tamb\u00e9m ir\u00e1 fornecer novos recursos essenciais para organiza\u00e7\u00f5es maiores.<\/p>\n<p>O Office 365 E5 ir\u00e1 ter todos os componentes do Office 365 E3 al\u00e9m de novas tecnologias que ampliam as capacidades para permitir melhor comunica\u00e7\u00e3o, an\u00e1lise de dados, tanto externos quanto organizacionais, descoberta eletr\u00f4nica, seguran\u00e7a e prote\u00e7\u00e3o de dados corporativos sens\u00edveis que podem precisar se acessados em algum momento pela Microsoft com aprova\u00e7\u00e3o de seus cliente atrav\u00e9s de um recurso chamado <a href=\"https:\/\/blogs.office.com\/2015\/04\/21\/announcing-customer-lockbox-for-office-365\/\">Lockbox<\/a> anunciado em Abril deste ano de 2015.<\/p>\n<p>Um grande destaque para o <strong>Office 365 E5<\/strong> ser\u00e1 o novo Cloud PBX e confer\u00eancia que neste momento ainda em vers\u00e3o preview para cliente nos Estados Unidos e que essencialmente permite realizar e receber chamadas usando o cliente local do Skype for Business que tamb\u00e9m pode colocar as chamadas em espera, encaminhar e transferir estas chamadas usando a nuvem. E em breve ser\u00e1 poss\u00edvel tamb\u00e9m usar telefones que s\u00e3o preparados para trabalhar com o Skype para as fun\u00e7\u00f5es mencionadas.<\/p>\n<p>Um outro grande ponto forte do Office 365 E5 ser\u00e1 o <a href=\"https:\/\/www.office365brasil.com.br\/365blog\/office-365\/power-bi-office365\/\">PowerBI<\/a> Pro que foi tamb\u00e9m anunciado no \u00faltimo dia 10\/07\/15 com novos recursos que aumentam ainda mais o valor da poderosa solu\u00e7\u00e3o agora com novas visualiza\u00e7\u00f5es, maior formata\u00e7\u00e3o e novas fontes de dados que podem ser configuradas. Para uma lista completa dos novos recursos deste fant\u00e1stico componente voc\u00ea pode verificar <a href=\"http:\/\/blogs.msdn.com\/b\/powerbi\/archive\/2015\/07\/10\/announcing-power-bi-general-availability-coming-july-24th.aspx\">este link<\/a>.<\/p>\n<h3>Disponibilidade do Office 365 E5?<\/h3>\n<p>A Microsoft j\u00e1 deixou evidente que o novo plano do Office 365 estar\u00e1 dispon\u00edvel ainda antes do final do ano de 2015. Esperamos que o Brasil esteja na lista de pa\u00edses que receber\u00e3o de imediato o acesso ao E5 e todos o seus componentes de grande valor.<\/p>\n<!-- AddThis Advanced Settings generic via filter on the_content --><!-- AddThis Share Buttons generic via filter on the_content -->","protected":false},"excerpt":{"rendered":"<p>Atualmente o Office 365 para empresas \u00e9 divido essencialmente em planos para neg\u00f3cios com ate 300 usu\u00e1rios e os planos<!-- AddThis Advanced Settings generic via filter on wp_trim_excerpt --><!-- AddThis Share Buttons generic via filter on wp_trim_excerpt --><\/p>\n","protected":false},"author":2,"featured_media":0,"comment_status":"open","ping_status":"open","sticky":false,"template":"","format":"standard","meta":{"colormag_page_container_layout":"default_layout","colormag_page_sidebar_layout":"default_layout","footnotes":""},"categories":[8],"tags":[291,132,147],"class_list":["post-4621","post","type-post","status-publish","format-standard","hentry","category-office-365","tag-e5","tag-office-365-2","tag-planos"],"yoast_head":"<!-- This site is optimized with the Yoast SEO plugin v27.4 - https:\/\/yoast.com\/product\/yoast-seo-wordpress\/ -->\n<title>Office 365 E5: novo plano anunciado pela Microsoft<\/title>\n<meta name=\"description\" content=\"A Microsoft anunciou o Office 365 E5 para organiza\u00e7\u00f5es que buscam o potencial m\u00e1ximo do Office 365 para empresas com recursos de produtividade avan\u00e7ados.\" \/>\n<meta name=\"robots\" content=\"index, follow, max-snippet:-1, max-image-preview:large, max-video-preview:-1\" \/>\n<link rel=\"canonical\" href=\"https:\/\/www.office365brasil.com.br\/365blog\/office-365\/office-365-e5-novo-plano\/\" \/>\n<meta property=\"og:locale\" content=\"pt_BR\" \/>\n<meta property=\"og:type\" content=\"article\" \/>\n<meta property=\"og:title\" content=\"Office 365 E5: novo plano anunciado pela Microsoft\" \/>\n<meta property=\"og:description\" content=\"A Microsoft anunciou o Office 365 E5 para organiza\u00e7\u00f5es que buscam o potencial m\u00e1ximo do Office 365 para empresas com recursos de produtividade avan\u00e7ados.\" \/>\n<meta property=\"og:url\" content=\"https:\/\/www.office365brasil.com.br\/365blog\/office-365\/office-365-e5-novo-plano\/\" \/>\n<meta property=\"og:site_name\" content=\"365Brasil Blog - Novidades sobre o Microsoft 365\" \/>\n<meta property=\"article:author\" content=\"https:\/\/www.facebook.com\/helinton.dias\" \/>\n<meta property=\"article:published_time\" content=\"2015-07-15T20:21:10+00:00\" \/>\n<meta property=\"article:modified_time\" content=\"2015-07-16T19:36:01+00:00\" \/>\n<meta name=\"author\" content=\"Helinton\" \/>\n<meta name=\"twitter:card\" content=\"summary_large_image\" \/>\n<meta name=\"twitter:image\" content=\"http:\/\/cdn2.dropmark.com\/54634\/6d02d4b31c2016787129c4f56035eb5703bda3f5\/e5.png\" \/>\n<meta name=\"twitter:creator\" content=\"@helintondias\" \/>\n<meta name=\"twitter:label1\" content=\"Escrito por\" \/>\n\t<meta name=\"twitter:data1\" content=\"Helinton\" \/>\n\t<meta name=\"twitter:label2\" content=\"Est. tempo de leitura\" \/>\n\t<meta name=\"twitter:data2\" content=\"2 minutos\" \/>\n<script type=\"application\/ld+json\" class=\"yoast-schema-graph\">{\"@context\":\"https:\\\/\\\/schema.org\",\"@graph\":[{\"@type\":\"Article\",\"@id\":\"https:\\\/\\\/www.office365brasil.com.br\\\/365blog\\\/office-365\\\/office-365-e5-novo-plano\\\/#article\",\"isPartOf\":{\"@id\":\"https:\\\/\\\/www.office365brasil.com.br\\\/365blog\\\/office-365\\\/office-365-e5-novo-plano\\\/\"},\"author\":{\"name\":\"Helinton\",\"@id\":\"https:\\\/\\\/www.office365brasil.com.br\\\/365blog\\\/#\\\/schema\\\/person\\\/5eecfa02cb728635087ffe1dd1c14682\"},\"headline\":\"Office 365 E5: novo plano anunciado\",\"datePublished\":\"2015-07-15T20:21:10+00:00\",\"dateModified\":\"2015-07-16T19:36:01+00:00\",\"mainEntityOfPage\":{\"@id\":\"https:\\\/\\\/www.office365brasil.com.br\\\/365blog\\\/office-365\\\/office-365-e5-novo-plano\\\/\"},\"wordCount\":356,\"commentCount\":0,\"publisher\":{\"@id\":\"https:\\\/\\\/www.office365brasil.com.br\\\/365blog\\\/#organization\"},\"image\":{\"@id\":\"https:\\\/\\\/www.office365brasil.com.br\\\/365blog\\\/office-365\\\/office-365-e5-novo-plano\\\/#primaryimage\"},\"thumbnailUrl\":\"http:\\\/\\\/cdn2.dropmark.com\\\/54634\\\/6d02d4b31c2016787129c4f56035eb5703bda3f5\\\/e5.png\",\"keywords\":[\"e5\",\"office 365\",\"planos\"],\"articleSection\":[\"Office 365\"],\"inLanguage\":\"pt-BR\",\"potentialAction\":[{\"@type\":\"CommentAction\",\"name\":\"Comment\",\"target\":[\"https:\\\/\\\/www.office365brasil.com.br\\\/365blog\\\/office-365\\\/office-365-e5-novo-plano\\\/#respond\"]}]},{\"@type\":\"WebPage\",\"@id\":\"https:\\\/\\\/www.office365brasil.com.br\\\/365blog\\\/office-365\\\/office-365-e5-novo-plano\\\/\",\"url\":\"https:\\\/\\\/www.office365brasil.com.br\\\/365blog\\\/office-365\\\/office-365-e5-novo-plano\\\/\",\"name\":\"Office 365 E5: novo plano anunciado pela Microsoft\",\"isPartOf\":{\"@id\":\"https:\\\/\\\/www.office365brasil.com.br\\\/365blog\\\/#website\"},\"primaryImageOfPage\":{\"@id\":\"https:\\\/\\\/www.office365brasil.com.br\\\/365blog\\\/office-365\\\/office-365-e5-novo-plano\\\/#primaryimage\"},\"image\":{\"@id\":\"https:\\\/\\\/www.office365brasil.com.br\\\/365blog\\\/office-365\\\/office-365-e5-novo-plano\\\/#primaryimage\"},\"thumbnailUrl\":\"http:\\\/\\\/cdn2.dropmark.com\\\/54634\\\/6d02d4b31c2016787129c4f56035eb5703bda3f5\\\/e5.png\",\"datePublished\":\"2015-07-15T20:21:10+00:00\",\"dateModified\":\"2015-07-16T19:36:01+00:00\",\"description\":\"A Microsoft anunciou o Office 365 E5 para organiza\u00e7\u00f5es que buscam o potencial m\u00e1ximo do Office 365 para empresas com recursos de produtividade avan\u00e7ados.\",\"breadcrumb\":{\"@id\":\"https:\\\/\\\/www.office365brasil.com.br\\\/365blog\\\/office-365\\\/office-365-e5-novo-plano\\\/#breadcrumb\"},\"inLanguage\":\"pt-BR\",\"potentialAction\":[{\"@type\":\"ReadAction\",\"target\":[\"https:\\\/\\\/www.office365brasil.com.br\\\/365blog\\\/office-365\\\/office-365-e5-novo-plano\\\/\"]}]},{\"@type\":\"ImageObject\",\"inLanguage\":\"pt-BR\",\"@id\":\"https:\\\/\\\/www.office365brasil.com.br\\\/365blog\\\/office-365\\\/office-365-e5-novo-plano\\\/#primaryimage\",\"url\":\"http:\\\/\\\/cdn2.dropmark.com\\\/54634\\\/6d02d4b31c2016787129c4f56035eb5703bda3f5\\\/e5.png\",\"contentUrl\":\"http:\\\/\\\/cdn2.dropmark.com\\\/54634\\\/6d02d4b31c2016787129c4f56035eb5703bda3f5\\\/e5.png\"},{\"@type\":\"BreadcrumbList\",\"@id\":\"https:\\\/\\\/www.office365brasil.com.br\\\/365blog\\\/office-365\\\/office-365-e5-novo-plano\\\/#breadcrumb\",\"itemListElement\":[{\"@type\":\"ListItem\",\"position\":1,\"name\":\"Home\",\"item\":\"https:\\\/\\\/www.office365brasil.com.br\\\/365blog\\\/\"},{\"@type\":\"ListItem\",\"position\":2,\"name\":\"Office 365 E5: novo plano anunciado\"}]},{\"@type\":\"WebSite\",\"@id\":\"https:\\\/\\\/www.office365brasil.com.br\\\/365blog\\\/#website\",\"url\":\"https:\\\/\\\/www.office365brasil.com.br\\\/365blog\\\/\",\"name\":\"365Brasil Blog - Novidades sobre o Microsoft 365\",\"description\":\"Novidades e artigos relacionados sobre o Microsoft 365\",\"publisher\":{\"@id\":\"https:\\\/\\\/www.office365brasil.com.br\\\/365blog\\\/#organization\"},\"potentialAction\":[{\"@type\":\"SearchAction\",\"target\":{\"@type\":\"EntryPoint\",\"urlTemplate\":\"https:\\\/\\\/www.office365brasil.com.br\\\/365blog\\\/?s={search_term_string}\"},\"query-input\":{\"@type\":\"PropertyValueSpecification\",\"valueRequired\":true,\"valueName\":\"search_term_string\"}}],\"inLanguage\":\"pt-BR\"},{\"@type\":\"Organization\",\"@id\":\"https:\\\/\\\/www.office365brasil.com.br\\\/365blog\\\/#organization\",\"name\":\"365Brasil Blog - Novidades sobre o Microsoft 365\",\"url\":\"https:\\\/\\\/www.office365brasil.com.br\\\/365blog\\\/\",\"logo\":{\"@type\":\"ImageObject\",\"inLanguage\":\"pt-BR\",\"@id\":\"https:\\\/\\\/www.office365brasil.com.br\\\/365blog\\\/#\\\/schema\\\/logo\\\/image\\\/\",\"url\":\"https:\\\/\\\/www.office365brasil.com.br\\\/365blog\\\/wp-content\\\/uploads\\\/2021\\\/04\\\/logo.png\",\"contentUrl\":\"https:\\\/\\\/www.office365brasil.com.br\\\/365blog\\\/wp-content\\\/uploads\\\/2021\\\/04\\\/logo.png\",\"width\":318,\"height\":65,\"caption\":\"365Brasil Blog - Novidades sobre o Microsoft 365\"},\"image\":{\"@id\":\"https:\\\/\\\/www.office365brasil.com.br\\\/365blog\\\/#\\\/schema\\\/logo\\\/image\\\/\"}},{\"@type\":\"Person\",\"@id\":\"https:\\\/\\\/www.office365brasil.com.br\\\/365blog\\\/#\\\/schema\\\/person\\\/5eecfa02cb728635087ffe1dd1c14682\",\"name\":\"Helinton\",\"image\":{\"@type\":\"ImageObject\",\"inLanguage\":\"pt-BR\",\"@id\":\"https:\\\/\\\/secure.gravatar.com\\\/avatar\\\/e94f64dc2d8245c43543b261db6f23bfc05b72d7e346b2d603e02e1d6006a039?s=96&d=mm&r=g\",\"url\":\"https:\\\/\\\/secure.gravatar.com\\\/avatar\\\/e94f64dc2d8245c43543b261db6f23bfc05b72d7e346b2d603e02e1d6006a039?s=96&d=mm&r=g\",\"contentUrl\":\"https:\\\/\\\/secure.gravatar.com\\\/avatar\\\/e94f64dc2d8245c43543b261db6f23bfc05b72d7e346b2d603e02e1d6006a039?s=96&d=mm&r=g\",\"caption\":\"Helinton\"},\"description\":\"Gerente comercial na empresa CloudExperts parceiro Microsoft focado em solu\u00e7\u00f5es de nuvem p\u00fablica para o mercado de pequenas e m\u00e9dias empresas.\",\"sameAs\":[\"https:\\\/\\\/plus.google.com\\\/u\\\/0\\\/+HelintonDias\",\"https:\\\/\\\/www.facebook.com\\\/helinton.dias\",\"https:\\\/\\\/x.com\\\/helintondias\"],\"url\":\"https:\\\/\\\/www.office365brasil.com.br\\\/365blog\\\/author\\\/helinton\\\/\"}]}<\/script>\n<!-- \/ Yoast SEO plugin. -->","yoast_head_json":{"title":"Office 365 E5: novo plano anunciado pela Microsoft","description":"A Microsoft anunciou o Office 365 E5 para organiza\u00e7\u00f5es que buscam o potencial m\u00e1ximo do Office 365 para empresas com recursos de produtividade avan\u00e7ados.","robots":{"index":"index","follow":"follow","max-snippet":"max-snippet:-1","max-image-preview":"max-image-preview:large","max-video-preview":"max-video-preview:-1"},"canonical":"https:\/\/www.office365brasil.com.br\/365blog\/office-365\/office-365-e5-novo-plano\/","og_locale":"pt_BR","og_type":"article","og_title":"Office 365 E5: novo plano anunciado pela Microsoft","og_description":"A Microsoft anunciou o Office 365 E5 para organiza\u00e7\u00f5es que buscam o potencial m\u00e1ximo do Office 365 para empresas com recursos de produtividade avan\u00e7ados.","og_url":"https:\/\/www.office365brasil.com.br\/365blog\/office-365\/office-365-e5-novo-plano\/","og_site_name":"365Brasil Blog - Novidades sobre o Microsoft 365","article_author":"https:\/\/www.facebook.com\/helinton.dias","article_published_time":"2015-07-15T20:21:10+00:00","article_modified_time":"2015-07-16T19:36:01+00:00","author":"Helinton","twitter_card":"summary_large_image","twitter_image":"http:\/\/cdn2.dropmark.com\/54634\/6d02d4b31c2016787129c4f56035eb5703bda3f5\/e5.png","twitter_creator":"@helintondias","twitter_misc":{"Escrito por":"Helinton","Est. tempo de leitura":"2 minutos"},"schema":{"@context":"https:\/\/schema.org","@graph":[{"@type":"Article","@id":"https:\/\/www.office365brasil.com.br\/365blog\/office-365\/office-365-e5-novo-plano\/#article","isPartOf":{"@id":"https:\/\/www.office365brasil.com.br\/365blog\/office-365\/office-365-e5-novo-plano\/"},"author":{"name":"Helinton","@id":"https:\/\/www.office365brasil.com.br\/365blog\/#\/schema\/person\/5eecfa02cb728635087ffe1dd1c14682"},"headline":"Office 365 E5: novo plano anunciado","datePublished":"2015-07-15T20:21:10+00:00","dateModified":"2015-07-16T19:36:01+00:00","mainEntityOfPage":{"@id":"https:\/\/www.office365brasil.com.br\/365blog\/office-365\/office-365-e5-novo-plano\/"},"wordCount":356,"commentCount":0,"publisher":{"@id":"https:\/\/www.office365brasil.com.br\/365blog\/#organization"},"image":{"@id":"https:\/\/www.office365brasil.com.br\/365blog\/office-365\/office-365-e5-novo-plano\/#primaryimage"},"thumbnailUrl":"http:\/\/cdn2.dropmark.com\/54634\/6d02d4b31c2016787129c4f56035eb5703bda3f5\/e5.png","keywords":["e5","office 365","planos"],"articleSection":["Office 365"],"inLanguage":"pt-BR","potentialAction":[{"@type":"CommentAction","name":"Comment","target":["https:\/\/www.office365brasil.com.br\/365blog\/office-365\/office-365-e5-novo-plano\/#respond"]}]},{"@type":"WebPage","@id":"https:\/\/www.office365brasil.com.br\/365blog\/office-365\/office-365-e5-novo-plano\/","url":"https:\/\/www.office365brasil.com.br\/365blog\/office-365\/office-365-e5-novo-plano\/","name":"Office 365 E5: novo plano anunciado pela Microsoft","isPartOf":{"@id":"https:\/\/www.office365brasil.com.br\/365blog\/#website"},"primaryImageOfPage":{"@id":"https:\/\/www.office365brasil.com.br\/365blog\/office-365\/office-365-e5-novo-plano\/#primaryimage"},"image":{"@id":"https:\/\/www.office365brasil.com.br\/365blog\/office-365\/office-365-e5-novo-plano\/#primaryimage"},"thumbnailUrl":"http:\/\/cdn2.dropmark.com\/54634\/6d02d4b31c2016787129c4f56035eb5703bda3f5\/e5.png","datePublished":"2015-07-15T20:21:10+00:00","dateModified":"2015-07-16T19:36:01+00:00","description":"A Microsoft anunciou o Office 365 E5 para organiza\u00e7\u00f5es que buscam o potencial m\u00e1ximo do Office 365 para empresas com recursos de produtividade avan\u00e7ados.","breadcrumb":{"@id":"https:\/\/www.office365brasil.com.br\/365blog\/office-365\/office-365-e5-novo-plano\/#breadcrumb"},"inLanguage":"pt-BR","potentialAction":[{"@type":"ReadAction","target":["https:\/\/www.office365brasil.com.br\/365blog\/office-365\/office-365-e5-novo-plano\/"]}]},{"@type":"ImageObject","inLanguage":"pt-BR","@id":"https:\/\/www.office365brasil.com.br\/365blog\/office-365\/office-365-e5-novo-plano\/#primaryimage","url":"http:\/\/cdn2.dropmark.com\/54634\/6d02d4b31c2016787129c4f56035eb5703bda3f5\/e5.png","contentUrl":"http:\/\/cdn2.dropmark.com\/54634\/6d02d4b31c2016787129c4f56035eb5703bda3f5\/e5.png"},{"@type":"BreadcrumbList","@id":"https:\/\/www.office365brasil.com.br\/365blog\/office-365\/office-365-e5-novo-plano\/#breadcrumb","itemListElement":[{"@type":"ListItem","position":1,"name":"Home","item":"https:\/\/www.office365brasil.com.br\/365blog\/"},{"@type":"ListItem","position":2,"name":"Office 365 E5: novo plano anunciado"}]},{"@type":"WebSite","@id":"https:\/\/www.office365brasil.com.br\/365blog\/#website","url":"https:\/\/www.office365brasil.com.br\/365blog\/","name":"365Brasil Blog - Novidades sobre o Microsoft 365","description":"Novidades e artigos relacionados sobre o Microsoft 365","publisher":{"@id":"https:\/\/www.office365brasil.com.br\/365blog\/#organization"},"potentialAction":[{"@type":"SearchAction","target":{"@type":"EntryPoint","urlTemplate":"https:\/\/www.office365brasil.com.br\/365blog\/?s={search_term_string}"},"query-input":{"@type":"PropertyValueSpecification","valueRequired":true,"valueName":"search_term_string"}}],"inLanguage":"pt-BR"},{"@type":"Organization","@id":"https:\/\/www.office365brasil.com.br\/365blog\/#organization","name":"365Brasil Blog - Novidades sobre o Microsoft 365","url":"https:\/\/www.office365brasil.com.br\/365blog\/","logo":{"@type":"ImageObject","inLanguage":"pt-BR","@id":"https:\/\/www.office365brasil.com.br\/365blog\/#\/schema\/logo\/image\/","url":"https:\/\/www.office365brasil.com.br\/365blog\/wp-content\/uploads\/2021\/04\/logo.png","contentUrl":"https:\/\/www.office365brasil.com.br\/365blog\/wp-content\/uploads\/2021\/04\/logo.png","width":318,"height":65,"caption":"365Brasil Blog - Novidades sobre o Microsoft 365"},"image":{"@id":"https:\/\/www.office365brasil.com.br\/365blog\/#\/schema\/logo\/image\/"}},{"@type":"Person","@id":"https:\/\/www.office365brasil.com.br\/365blog\/#\/schema\/person\/5eecfa02cb728635087ffe1dd1c14682","name":"Helinton","image":{"@type":"ImageObject","inLanguage":"pt-BR","@id":"https:\/\/secure.gravatar.com\/avatar\/e94f64dc2d8245c43543b261db6f23bfc05b72d7e346b2d603e02e1d6006a039?s=96&d=mm&r=g","url":"https:\/\/secure.gravatar.com\/avatar\/e94f64dc2d8245c43543b261db6f23bfc05b72d7e346b2d603e02e1d6006a039?s=96&d=mm&r=g","contentUrl":"https:\/\/secure.gravatar.com\/avatar\/e94f64dc2d8245c43543b261db6f23bfc05b72d7e346b2d603e02e1d6006a039?s=96&d=mm&r=g","caption":"Helinton"},"description":"Gerente comercial na empresa CloudExperts parceiro Microsoft focado em solu\u00e7\u00f5es de nuvem p\u00fablica para o mercado de pequenas e m\u00e9dias empresas.","sameAs":["https:\/\/plus.google.com\/u\/0\/+HelintonDias","https:\/\/www.facebook.com\/helinton.dias","https:\/\/x.com\/helintondias"],"url":"https:\/\/www.office365brasil.com.br\/365blog\/author\/helinton\/"}]}},"_links":{"self":[{"href":"https:\/\/www.office365brasil.com.br\/365blog\/wp-json\/wp\/v2\/posts\/4621","targetHints":{"allow":["GET"]}}],"collection":[{"href":"https:\/\/www.office365brasil.com.br\/365blog\/wp-json\/wp\/v2\/posts"}],"about":[{"href":"https:\/\/www.office365brasil.com.br\/365blog\/wp-json\/wp\/v2\/types\/post"}],"author":[{"embeddable":true,"href":"https:\/\/www.office365brasil.com.br\/365blog\/wp-json\/wp\/v2\/users\/2"}],"replies":[{"embeddable":true,"href":"https:\/\/www.office365brasil.com.br\/365blog\/wp-json\/wp\/v2\/comments?post=4621"}],"version-history":[{"count":5,"href":"https:\/\/www.office365brasil.com.br\/365blog\/wp-json\/wp\/v2\/posts\/4621\/revisions"}],"predecessor-version":[{"id":4628,"href":"https:\/\/www.office365brasil.com.br\/365blog\/wp-json\/wp\/v2\/posts\/4621\/revisions\/4628"}],"wp:attachment":[{"href":"https:\/\/www.office365brasil.com.br\/365blog\/wp-json\/wp\/v2\/media?parent=4621"}],"wp:term":[{"taxonomy":"category","embeddable":true,"href":"https:\/\/www.office365brasil.com.br\/365blog\/wp-json\/wp\/v2\/categories?post=4621"},{"taxonomy":"post_tag","embeddable":true,"href":"https:\/\/www.office365brasil.com.br\/365blog\/wp-json\/wp\/v2\/tags?post=4621"}],"curies":[{"name":"wp","href":"https:\/\/api.w.org\/{rel}","templated":true}]}}