{"id":7520,"date":"2023-01-05T20:24:15","date_gmt":"2023-01-05T20:24:15","guid":{"rendered":"https:\/\/www.office365brasil.com.br\/365blog\/?p=7520"},"modified":"2023-01-05T20:24:19","modified_gmt":"2023-01-05T20:24:19","slug":"cinco-motivos-para-adotar-o-microsoft-teams","status":"publish","type":"post","link":"https:\/\/www.office365brasil.com.br\/365blog\/microsoft-teams\/cinco-motivos-para-adotar-o-microsoft-teams\/","title":{"rendered":"Cinco motivos para adotar o Microsoft Teams"},"content":{"rendered":"\n<p>As reuni\u00f5es online s\u00e3o um tipo de comunica\u00e7\u00e3o em que os participantes se comunicam virtualmente, e n\u00e3o pessoalmente. <\/p>\n\n\n\n<p>Elas oferecem uma s\u00e9rie de vantagens em rela\u00e7\u00e3o \u00e0s reuni\u00f5es presenciais convencionais, e \u00e9 por isso que est\u00e3o se tornando cada vez mais populares como meio de comunica\u00e7\u00e3o das empresas com seus funcion\u00e1rios, clientes e parceiros.<\/p>\n\n\n\n<p>Se sua organiza\u00e7\u00e3o ainda n\u00e3o tem uma ferramenta eficiente, segura e principalmente administr\u00e1vel neste artigo est\u00e3o cinco justificativas para uma empresa adotar o <strong>Microsoft Teams<\/strong>.<\/p>\n\n\n\n<p>Sem mais delongas vamos aos motivos para ado\u00e7\u00e3o do Teams:<\/p>\n\n\n\n<p><strong>Colabora\u00e7\u00e3<\/strong>o: Independentemente de sua localiza\u00e7\u00e3o geogr\u00e1fica, os funcion\u00e1rios podem colaborar e se comunicar perfeitamente uns com os outros em tempo real com o MT.<\/p>\n\n\n\n<p><strong>Produtividade:<\/strong> as equipes podem ajudar a aumentar a produtividade, permitindo que os membros da equipe acessem de forma r\u00e1pida e f\u00e1cil os recursos de que precisam para concluir as tarefas. Os recursos do Teams incluem bate-papo, confer\u00eancia de \u00e1udio e v\u00eddeo e compartilhamento de arquivos.<\/p>\n\n\n\n<p><strong>Personaliza\u00e7\u00e3o:<\/strong> o Microsoft Teams oferece um alto grau de flexibilidade, permitindo que as empresas adaptem a plataforma aos seus pr\u00f3prios requisitos e processos de trabalho.<\/p>\n\n\n\n<p><strong>Integra\u00e7\u00e3o:<\/strong> o Microsoft Teams simplifica a reuni\u00e3o de todas as suas ferramentas e recursos em um \u00fanico local, integrando-se a uma ampla variedade de outros aplicativos e servi\u00e7os externos e da <a href=\"https:\/\/www.microsoft.com.br\">Microsoft<\/a>.<\/p>\n\n\n\n<p><strong>Seguran\u00e7a:<\/strong> para ajudar a proteger os dados cr\u00edticos da empresa e garantir a conformidade com os requisitos do setor, o Microsoft Teams inclui fortes medidas de seguran\u00e7a e conformidade.<\/p>\n\n\n\n<h2 class=\"wp-block-heading\">Modelos de licenciamento do Microsoft Teams<\/h2>\n\n\n\n<p>Se voc\u00ea acha que para adotar o Teams precisa ser um empresa grande ou m\u00e9dia al\u00e9m de precisar dispensar um valor alto para isso voc\u00ea est\u00e1 totalmente enganado.<\/p>\n\n\n\n<p>Come\u00e7ando com planos de baixo custo como por exemplo o <a href=\"https:\/\/www.office365brasil.com.br\/365blog\/microsoft-teams\/microsoft-teams-essentials\/\">Microsoft Teams Essentials<\/a> essa ferramenta \u00e9 super acess\u00edvel para pequenos neg\u00f3cios.<\/p>\n\n\n\n<p>Um plano como o <strong><a href=\"https:\/\/www.2bc.com.br\/o365brasil\/Product\/ViewProduct?partNumber=O365BUSESSENTIALNAC\">Microsoft 365 Business Basic<\/a><\/strong> oferece n\u00e3o apenas o Teams mas um conjunto de ferramenta vitais para uma micro empresa ter de cara recursos que no passado s\u00f3 estavam destinados aos &#8220;grandes&#8221;.<\/p>\n\n\n\n<p>Convido voc\u00ea hoje mesmo a iniciar uma avalia\u00e7\u00e3o dessa ferramenta <a href=\"https:\/\/nuboex.typeform.com\/to\/n5h8Bf?Submit=Enviar+Mensagem&amp;typeform-source=www.cloudexperts.com.br\"><strong>entrando em contato<\/strong><\/a> com a CloudExperts.<\/p>\n<!-- AddThis Advanced Settings generic via filter on the_content --><!-- AddThis Share Buttons generic via filter on the_content -->","protected":false},"excerpt":{"rendered":"<p>As reuni\u00f5es online s\u00e3o um tipo de comunica\u00e7\u00e3o em que os participantes se comunicam virtualmente, e n\u00e3o pessoalmente. Elas oferecem<!-- AddThis Advanced Settings generic via filter on wp_trim_excerpt --><!-- AddThis Share Buttons generic via filter on wp_trim_excerpt --><\/p>\n","protected":false},"author":2,"featured_media":7521,"comment_status":"open","ping_status":"open","sticky":false,"template":"","format":"standard","meta":{"colormag_page_container_layout":"default_layout","colormag_page_sidebar_layout":"default_layout","footnotes":""},"categories":[352],"tags":[],"class_list":["post-7520","post","type-post","status-publish","format-standard","has-post-thumbnail","hentry","category-microsoft-teams"],"yoast_head":"<!-- This site is optimized with the Yoast SEO plugin v27.4 - https:\/\/yoast.com\/product\/yoast-seo-wordpress\/ -->\n<title>Cinco motivos para adotar o Microsoft Teams<\/title>\n<meta name=\"description\" content=\"Neste artigo listo cinco bons motivos para voc\u00ea come\u00e7ar a usar agora o Microsoft Teams em sua empresa n\u00e3o importa o tamanho dela.\" \/>\n<meta name=\"robots\" content=\"index, follow, max-snippet:-1, max-image-preview:large, max-video-preview:-1\" \/>\n<link rel=\"canonical\" href=\"https:\/\/www.office365brasil.com.br\/365blog\/microsoft-teams\/cinco-motivos-para-adotar-o-microsoft-teams\/\" \/>\n<meta property=\"og:locale\" content=\"pt_BR\" \/>\n<meta property=\"og:type\" content=\"article\" \/>\n<meta property=\"og:title\" content=\"Cinco motivos para adotar o Microsoft Teams\" \/>\n<meta property=\"og:description\" content=\"Neste artigo listo cinco bons motivos para voc\u00ea come\u00e7ar a usar agora o Microsoft Teams em sua empresa n\u00e3o importa o tamanho dela.\" \/>\n<meta property=\"og:url\" content=\"https:\/\/www.office365brasil.com.br\/365blog\/microsoft-teams\/cinco-motivos-para-adotar-o-microsoft-teams\/\" \/>\n<meta property=\"og:site_name\" content=\"365Brasil Blog - Novidades sobre o Microsoft 365\" \/>\n<meta property=\"article:author\" content=\"https:\/\/www.facebook.com\/helinton.dias\" \/>\n<meta property=\"article:published_time\" content=\"2023-01-05T20:24:15+00:00\" \/>\n<meta property=\"article:modified_time\" content=\"2023-01-05T20:24:19+00:00\" \/>\n<meta property=\"og:image\" content=\"https:\/\/www.office365brasil.com.br\/365blog\/wp-content\/uploads\/2023\/01\/microsoft-teams-meeting.png\" \/>\n\t<meta property=\"og:image:width\" content=\"960\" \/>\n\t<meta property=\"og:image:height\" content=\"640\" \/>\n\t<meta property=\"og:image:type\" content=\"image\/png\" \/>\n<meta name=\"author\" content=\"Helinton\" \/>\n<meta name=\"twitter:card\" content=\"summary_large_image\" \/>\n<meta name=\"twitter:creator\" content=\"@helintondias\" \/>\n<meta name=\"twitter:label1\" content=\"Escrito por\" \/>\n\t<meta name=\"twitter:data1\" content=\"Helinton\" \/>\n\t<meta name=\"twitter:label2\" content=\"Est. tempo de leitura\" \/>\n\t<meta name=\"twitter:data2\" content=\"2 minutos\" \/>\n<script type=\"application\/ld+json\" class=\"yoast-schema-graph\">{\"@context\":\"https:\\\/\\\/schema.org\",\"@graph\":[{\"@type\":\"Article\",\"@id\":\"https:\\\/\\\/www.office365brasil.com.br\\\/365blog\\\/microsoft-teams\\\/cinco-motivos-para-adotar-o-microsoft-teams\\\/#article\",\"isPartOf\":{\"@id\":\"https:\\\/\\\/www.office365brasil.com.br\\\/365blog\\\/microsoft-teams\\\/cinco-motivos-para-adotar-o-microsoft-teams\\\/\"},\"author\":{\"name\":\"Helinton\",\"@id\":\"https:\\\/\\\/www.office365brasil.com.br\\\/365blog\\\/#\\\/schema\\\/person\\\/5eecfa02cb728635087ffe1dd1c14682\"},\"headline\":\"Cinco motivos para adotar o Microsoft Teams\",\"datePublished\":\"2023-01-05T20:24:15+00:00\",\"dateModified\":\"2023-01-05T20:24:19+00:00\",\"mainEntityOfPage\":{\"@id\":\"https:\\\/\\\/www.office365brasil.com.br\\\/365blog\\\/microsoft-teams\\\/cinco-motivos-para-adotar-o-microsoft-teams\\\/\"},\"wordCount\":392,\"commentCount\":0,\"publisher\":{\"@id\":\"https:\\\/\\\/www.office365brasil.com.br\\\/365blog\\\/#organization\"},\"image\":{\"@id\":\"https:\\\/\\\/www.office365brasil.com.br\\\/365blog\\\/microsoft-teams\\\/cinco-motivos-para-adotar-o-microsoft-teams\\\/#primaryimage\"},\"thumbnailUrl\":\"https:\\\/\\\/www.office365brasil.com.br\\\/365blog\\\/wp-content\\\/uploads\\\/2023\\\/01\\\/microsoft-teams-meeting.png\",\"articleSection\":[\"Microsoft Teams\"],\"inLanguage\":\"pt-BR\",\"potentialAction\":[{\"@type\":\"CommentAction\",\"name\":\"Comment\",\"target\":[\"https:\\\/\\\/www.office365brasil.com.br\\\/365blog\\\/microsoft-teams\\\/cinco-motivos-para-adotar-o-microsoft-teams\\\/#respond\"]}]},{\"@type\":\"WebPage\",\"@id\":\"https:\\\/\\\/www.office365brasil.com.br\\\/365blog\\\/microsoft-teams\\\/cinco-motivos-para-adotar-o-microsoft-teams\\\/\",\"url\":\"https:\\\/\\\/www.office365brasil.com.br\\\/365blog\\\/microsoft-teams\\\/cinco-motivos-para-adotar-o-microsoft-teams\\\/\",\"name\":\"Cinco motivos para adotar o Microsoft Teams\",\"isPartOf\":{\"@id\":\"https:\\\/\\\/www.office365brasil.com.br\\\/365blog\\\/#website\"},\"primaryImageOfPage\":{\"@id\":\"https:\\\/\\\/www.office365brasil.com.br\\\/365blog\\\/microsoft-teams\\\/cinco-motivos-para-adotar-o-microsoft-teams\\\/#primaryimage\"},\"image\":{\"@id\":\"https:\\\/\\\/www.office365brasil.com.br\\\/365blog\\\/microsoft-teams\\\/cinco-motivos-para-adotar-o-microsoft-teams\\\/#primaryimage\"},\"thumbnailUrl\":\"https:\\\/\\\/www.office365brasil.com.br\\\/365blog\\\/wp-content\\\/uploads\\\/2023\\\/01\\\/microsoft-teams-meeting.png\",\"datePublished\":\"2023-01-05T20:24:15+00:00\",\"dateModified\":\"2023-01-05T20:24:19+00:00\",\"description\":\"Neste artigo listo cinco bons motivos para voc\u00ea come\u00e7ar a usar agora o Microsoft Teams em sua empresa n\u00e3o importa o tamanho dela.\",\"breadcrumb\":{\"@id\":\"https:\\\/\\\/www.office365brasil.com.br\\\/365blog\\\/microsoft-teams\\\/cinco-motivos-para-adotar-o-microsoft-teams\\\/#breadcrumb\"},\"inLanguage\":\"pt-BR\",\"potentialAction\":[{\"@type\":\"ReadAction\",\"target\":[\"https:\\\/\\\/www.office365brasil.com.br\\\/365blog\\\/microsoft-teams\\\/cinco-motivos-para-adotar-o-microsoft-teams\\\/\"]}]},{\"@type\":\"ImageObject\",\"inLanguage\":\"pt-BR\",\"@id\":\"https:\\\/\\\/www.office365brasil.com.br\\\/365blog\\\/microsoft-teams\\\/cinco-motivos-para-adotar-o-microsoft-teams\\\/#primaryimage\",\"url\":\"https:\\\/\\\/www.office365brasil.com.br\\\/365blog\\\/wp-content\\\/uploads\\\/2023\\\/01\\\/microsoft-teams-meeting.png\",\"contentUrl\":\"https:\\\/\\\/www.office365brasil.com.br\\\/365blog\\\/wp-content\\\/uploads\\\/2023\\\/01\\\/microsoft-teams-meeting.png\",\"width\":960,\"height\":640,\"caption\":\"Microsoft Teams\"},{\"@type\":\"BreadcrumbList\",\"@id\":\"https:\\\/\\\/www.office365brasil.com.br\\\/365blog\\\/microsoft-teams\\\/cinco-motivos-para-adotar-o-microsoft-teams\\\/#breadcrumb\",\"itemListElement\":[{\"@type\":\"ListItem\",\"position\":1,\"name\":\"Home\",\"item\":\"https:\\\/\\\/www.office365brasil.com.br\\\/365blog\\\/\"},{\"@type\":\"ListItem\",\"position\":2,\"name\":\"Cinco motivos para adotar o Microsoft Teams\"}]},{\"@type\":\"WebSite\",\"@id\":\"https:\\\/\\\/www.office365brasil.com.br\\\/365blog\\\/#website\",\"url\":\"https:\\\/\\\/www.office365brasil.com.br\\\/365blog\\\/\",\"name\":\"365Brasil Blog - Novidades sobre o Microsoft 365\",\"description\":\"Novidades e artigos relacionados sobre o Microsoft 365\",\"publisher\":{\"@id\":\"https:\\\/\\\/www.office365brasil.com.br\\\/365blog\\\/#organization\"},\"potentialAction\":[{\"@type\":\"SearchAction\",\"target\":{\"@type\":\"EntryPoint\",\"urlTemplate\":\"https:\\\/\\\/www.office365brasil.com.br\\\/365blog\\\/?s={search_term_string}\"},\"query-input\":{\"@type\":\"PropertyValueSpecification\",\"valueRequired\":true,\"valueName\":\"search_term_string\"}}],\"inLanguage\":\"pt-BR\"},{\"@type\":\"Organization\",\"@id\":\"https:\\\/\\\/www.office365brasil.com.br\\\/365blog\\\/#organization\",\"name\":\"365Brasil Blog - Novidades sobre o Microsoft 365\",\"url\":\"https:\\\/\\\/www.office365brasil.com.br\\\/365blog\\\/\",\"logo\":{\"@type\":\"ImageObject\",\"inLanguage\":\"pt-BR\",\"@id\":\"https:\\\/\\\/www.office365brasil.com.br\\\/365blog\\\/#\\\/schema\\\/logo\\\/image\\\/\",\"url\":\"https:\\\/\\\/www.office365brasil.com.br\\\/365blog\\\/wp-content\\\/uploads\\\/2021\\\/04\\\/logo.png\",\"contentUrl\":\"https:\\\/\\\/www.office365brasil.com.br\\\/365blog\\\/wp-content\\\/uploads\\\/2021\\\/04\\\/logo.png\",\"width\":318,\"height\":65,\"caption\":\"365Brasil Blog - Novidades sobre o Microsoft 365\"},\"image\":{\"@id\":\"https:\\\/\\\/www.office365brasil.com.br\\\/365blog\\\/#\\\/schema\\\/logo\\\/image\\\/\"}},{\"@type\":\"Person\",\"@id\":\"https:\\\/\\\/www.office365brasil.com.br\\\/365blog\\\/#\\\/schema\\\/person\\\/5eecfa02cb728635087ffe1dd1c14682\",\"name\":\"Helinton\",\"image\":{\"@type\":\"ImageObject\",\"inLanguage\":\"pt-BR\",\"@id\":\"https:\\\/\\\/secure.gravatar.com\\\/avatar\\\/e94f64dc2d8245c43543b261db6f23bfc05b72d7e346b2d603e02e1d6006a039?s=96&d=mm&r=g\",\"url\":\"https:\\\/\\\/secure.gravatar.com\\\/avatar\\\/e94f64dc2d8245c43543b261db6f23bfc05b72d7e346b2d603e02e1d6006a039?s=96&d=mm&r=g\",\"contentUrl\":\"https:\\\/\\\/secure.gravatar.com\\\/avatar\\\/e94f64dc2d8245c43543b261db6f23bfc05b72d7e346b2d603e02e1d6006a039?s=96&d=mm&r=g\",\"caption\":\"Helinton\"},\"description\":\"Gerente comercial na empresa CloudExperts parceiro Microsoft focado em solu\u00e7\u00f5es de nuvem p\u00fablica para o mercado de pequenas e m\u00e9dias empresas.\",\"sameAs\":[\"https:\\\/\\\/plus.google.com\\\/u\\\/0\\\/+HelintonDias\",\"https:\\\/\\\/www.facebook.com\\\/helinton.dias\",\"https:\\\/\\\/x.com\\\/helintondias\"],\"url\":\"https:\\\/\\\/www.office365brasil.com.br\\\/365blog\\\/author\\\/helinton\\\/\"}]}<\/script>\n<!-- \/ Yoast SEO plugin. -->","yoast_head_json":{"title":"Cinco motivos para adotar o Microsoft Teams","description":"Neste artigo listo cinco bons motivos para voc\u00ea come\u00e7ar a usar agora o Microsoft Teams em sua empresa n\u00e3o importa o tamanho dela.","robots":{"index":"index","follow":"follow","max-snippet":"max-snippet:-1","max-image-preview":"max-image-preview:large","max-video-preview":"max-video-preview:-1"},"canonical":"https:\/\/www.office365brasil.com.br\/365blog\/microsoft-teams\/cinco-motivos-para-adotar-o-microsoft-teams\/","og_locale":"pt_BR","og_type":"article","og_title":"Cinco motivos para adotar o Microsoft Teams","og_description":"Neste artigo listo cinco bons motivos para voc\u00ea come\u00e7ar a usar agora o Microsoft Teams em sua empresa n\u00e3o importa o tamanho dela.","og_url":"https:\/\/www.office365brasil.com.br\/365blog\/microsoft-teams\/cinco-motivos-para-adotar-o-microsoft-teams\/","og_site_name":"365Brasil Blog - Novidades sobre o Microsoft 365","article_author":"https:\/\/www.facebook.com\/helinton.dias","article_published_time":"2023-01-05T20:24:15+00:00","article_modified_time":"2023-01-05T20:24:19+00:00","og_image":[{"width":960,"height":640,"url":"https:\/\/www.office365brasil.com.br\/365blog\/wp-content\/uploads\/2023\/01\/microsoft-teams-meeting.png","type":"image\/png"}],"author":"Helinton","twitter_card":"summary_large_image","twitter_creator":"@helintondias","twitter_misc":{"Escrito por":"Helinton","Est. tempo de leitura":"2 minutos"},"schema":{"@context":"https:\/\/schema.org","@graph":[{"@type":"Article","@id":"https:\/\/www.office365brasil.com.br\/365blog\/microsoft-teams\/cinco-motivos-para-adotar-o-microsoft-teams\/#article","isPartOf":{"@id":"https:\/\/www.office365brasil.com.br\/365blog\/microsoft-teams\/cinco-motivos-para-adotar-o-microsoft-teams\/"},"author":{"name":"Helinton","@id":"https:\/\/www.office365brasil.com.br\/365blog\/#\/schema\/person\/5eecfa02cb728635087ffe1dd1c14682"},"headline":"Cinco motivos para adotar o Microsoft Teams","datePublished":"2023-01-05T20:24:15+00:00","dateModified":"2023-01-05T20:24:19+00:00","mainEntityOfPage":{"@id":"https:\/\/www.office365brasil.com.br\/365blog\/microsoft-teams\/cinco-motivos-para-adotar-o-microsoft-teams\/"},"wordCount":392,"commentCount":0,"publisher":{"@id":"https:\/\/www.office365brasil.com.br\/365blog\/#organization"},"image":{"@id":"https:\/\/www.office365brasil.com.br\/365blog\/microsoft-teams\/cinco-motivos-para-adotar-o-microsoft-teams\/#primaryimage"},"thumbnailUrl":"https:\/\/www.office365brasil.com.br\/365blog\/wp-content\/uploads\/2023\/01\/microsoft-teams-meeting.png","articleSection":["Microsoft Teams"],"inLanguage":"pt-BR","potentialAction":[{"@type":"CommentAction","name":"Comment","target":["https:\/\/www.office365brasil.com.br\/365blog\/microsoft-teams\/cinco-motivos-para-adotar-o-microsoft-teams\/#respond"]}]},{"@type":"WebPage","@id":"https:\/\/www.office365brasil.com.br\/365blog\/microsoft-teams\/cinco-motivos-para-adotar-o-microsoft-teams\/","url":"https:\/\/www.office365brasil.com.br\/365blog\/microsoft-teams\/cinco-motivos-para-adotar-o-microsoft-teams\/","name":"Cinco motivos para adotar o Microsoft Teams","isPartOf":{"@id":"https:\/\/www.office365brasil.com.br\/365blog\/#website"},"primaryImageOfPage":{"@id":"https:\/\/www.office365brasil.com.br\/365blog\/microsoft-teams\/cinco-motivos-para-adotar-o-microsoft-teams\/#primaryimage"},"image":{"@id":"https:\/\/www.office365brasil.com.br\/365blog\/microsoft-teams\/cinco-motivos-para-adotar-o-microsoft-teams\/#primaryimage"},"thumbnailUrl":"https:\/\/www.office365brasil.com.br\/365blog\/wp-content\/uploads\/2023\/01\/microsoft-teams-meeting.png","datePublished":"2023-01-05T20:24:15+00:00","dateModified":"2023-01-05T20:24:19+00:00","description":"Neste artigo listo cinco bons motivos para voc\u00ea come\u00e7ar a usar agora o Microsoft Teams em sua empresa n\u00e3o importa o tamanho dela.","breadcrumb":{"@id":"https:\/\/www.office365brasil.com.br\/365blog\/microsoft-teams\/cinco-motivos-para-adotar-o-microsoft-teams\/#breadcrumb"},"inLanguage":"pt-BR","potentialAction":[{"@type":"ReadAction","target":["https:\/\/www.office365brasil.com.br\/365blog\/microsoft-teams\/cinco-motivos-para-adotar-o-microsoft-teams\/"]}]},{"@type":"ImageObject","inLanguage":"pt-BR","@id":"https:\/\/www.office365brasil.com.br\/365blog\/microsoft-teams\/cinco-motivos-para-adotar-o-microsoft-teams\/#primaryimage","url":"https:\/\/www.office365brasil.com.br\/365blog\/wp-content\/uploads\/2023\/01\/microsoft-teams-meeting.png","contentUrl":"https:\/\/www.office365brasil.com.br\/365blog\/wp-content\/uploads\/2023\/01\/microsoft-teams-meeting.png","width":960,"height":640,"caption":"Microsoft Teams"},{"@type":"BreadcrumbList","@id":"https:\/\/www.office365brasil.com.br\/365blog\/microsoft-teams\/cinco-motivos-para-adotar-o-microsoft-teams\/#breadcrumb","itemListElement":[{"@type":"ListItem","position":1,"name":"Home","item":"https:\/\/www.office365brasil.com.br\/365blog\/"},{"@type":"ListItem","position":2,"name":"Cinco motivos para adotar o Microsoft Teams"}]},{"@type":"WebSite","@id":"https:\/\/www.office365brasil.com.br\/365blog\/#website","url":"https:\/\/www.office365brasil.com.br\/365blog\/","name":"365Brasil Blog - Novidades sobre o Microsoft 365","description":"Novidades e artigos relacionados sobre o Microsoft 365","publisher":{"@id":"https:\/\/www.office365brasil.com.br\/365blog\/#organization"},"potentialAction":[{"@type":"SearchAction","target":{"@type":"EntryPoint","urlTemplate":"https:\/\/www.office365brasil.com.br\/365blog\/?s={search_term_string}"},"query-input":{"@type":"PropertyValueSpecification","valueRequired":true,"valueName":"search_term_string"}}],"inLanguage":"pt-BR"},{"@type":"Organization","@id":"https:\/\/www.office365brasil.com.br\/365blog\/#organization","name":"365Brasil Blog - Novidades sobre o Microsoft 365","url":"https:\/\/www.office365brasil.com.br\/365blog\/","logo":{"@type":"ImageObject","inLanguage":"pt-BR","@id":"https:\/\/www.office365brasil.com.br\/365blog\/#\/schema\/logo\/image\/","url":"https:\/\/www.office365brasil.com.br\/365blog\/wp-content\/uploads\/2021\/04\/logo.png","contentUrl":"https:\/\/www.office365brasil.com.br\/365blog\/wp-content\/uploads\/2021\/04\/logo.png","width":318,"height":65,"caption":"365Brasil Blog - Novidades sobre o Microsoft 365"},"image":{"@id":"https:\/\/www.office365brasil.com.br\/365blog\/#\/schema\/logo\/image\/"}},{"@type":"Person","@id":"https:\/\/www.office365brasil.com.br\/365blog\/#\/schema\/person\/5eecfa02cb728635087ffe1dd1c14682","name":"Helinton","image":{"@type":"ImageObject","inLanguage":"pt-BR","@id":"https:\/\/secure.gravatar.com\/avatar\/e94f64dc2d8245c43543b261db6f23bfc05b72d7e346b2d603e02e1d6006a039?s=96&d=mm&r=g","url":"https:\/\/secure.gravatar.com\/avatar\/e94f64dc2d8245c43543b261db6f23bfc05b72d7e346b2d603e02e1d6006a039?s=96&d=mm&r=g","contentUrl":"https:\/\/secure.gravatar.com\/avatar\/e94f64dc2d8245c43543b261db6f23bfc05b72d7e346b2d603e02e1d6006a039?s=96&d=mm&r=g","caption":"Helinton"},"description":"Gerente comercial na empresa CloudExperts parceiro Microsoft focado em solu\u00e7\u00f5es de nuvem p\u00fablica para o mercado de pequenas e m\u00e9dias empresas.","sameAs":["https:\/\/plus.google.com\/u\/0\/+HelintonDias","https:\/\/www.facebook.com\/helinton.dias","https:\/\/x.com\/helintondias"],"url":"https:\/\/www.office365brasil.com.br\/365blog\/author\/helinton\/"}]}},"_links":{"self":[{"href":"https:\/\/www.office365brasil.com.br\/365blog\/wp-json\/wp\/v2\/posts\/7520","targetHints":{"allow":["GET"]}}],"collection":[{"href":"https:\/\/www.office365brasil.com.br\/365blog\/wp-json\/wp\/v2\/posts"}],"about":[{"href":"https:\/\/www.office365brasil.com.br\/365blog\/wp-json\/wp\/v2\/types\/post"}],"author":[{"embeddable":true,"href":"https:\/\/www.office365brasil.com.br\/365blog\/wp-json\/wp\/v2\/users\/2"}],"replies":[{"embeddable":true,"href":"https:\/\/www.office365brasil.com.br\/365blog\/wp-json\/wp\/v2\/comments?post=7520"}],"version-history":[{"count":1,"href":"https:\/\/www.office365brasil.com.br\/365blog\/wp-json\/wp\/v2\/posts\/7520\/revisions"}],"predecessor-version":[{"id":7522,"href":"https:\/\/www.office365brasil.com.br\/365blog\/wp-json\/wp\/v2\/posts\/7520\/revisions\/7522"}],"wp:featuredmedia":[{"embeddable":true,"href":"https:\/\/www.office365brasil.com.br\/365blog\/wp-json\/wp\/v2\/media\/7521"}],"wp:attachment":[{"href":"https:\/\/www.office365brasil.com.br\/365blog\/wp-json\/wp\/v2\/media?parent=7520"}],"wp:term":[{"taxonomy":"category","embeddable":true,"href":"https:\/\/www.office365brasil.com.br\/365blog\/wp-json\/wp\/v2\/categories?post=7520"},{"taxonomy":"post_tag","embeddable":true,"href":"https:\/\/www.office365brasil.com.br\/365blog\/wp-json\/wp\/v2\/tags?post=7520"}],"curies":[{"name":"wp","href":"https:\/\/api.w.org\/{rel}","templated":true}]}}