{"id":82,"date":"2011-11-02T21:36:54","date_gmt":"2011-11-03T00:36:54","guid":{"rendered":"https:\/\/www.office365brasil.com.br\/365blog\/office-professional\/converta-sua-apresentao-em-um-vdeo\/"},"modified":"2011-11-02T21:36:54","modified_gmt":"2011-11-03T00:36:54","slug":"converta-sua-apresentao-em-um-vdeo","status":"publish","type":"post","link":"https:\/\/www.office365brasil.com.br\/365blog\/office-professional\/converta-sua-apresentao-em-um-vdeo\/","title":{"rendered":"Converta sua apresenta\u00e7\u00e3o em um v\u00eddeo"},"content":{"rendered":"<p>Que tal transformar sua apresenta\u00e7\u00e3o do Power Point em um v\u00eddeo? Este \u00e9 um recurso fundamental se voc\u00ea quer criar uma apresenta\u00e7\u00e3o para enviar a algum web-site ou mesmo gravar em um cd ou dvd.<\/p>\n<p>O v\u00eddeo abaixo ensina voc\u00ea a fazer isso, veja como \u00e9 simples r\u00e1pido e pr\u00e1tico usar este recurso dispon\u00edvel no Power Point 2010 que faz parte do Office Professional Plus 2010, dispon\u00edvel para os usu\u00e1rios do plano E3,E4 e E5 do <a title=\"Office 365 Brasil\" href=\"http:\/\/www.office365brasil.com.br\/\">Office 365<\/a>.<\/p>\n<div style=\"width: 530px; height: 300px\"><object type=\"application\/x-silverlight-2\" data=\"data:application\/x-silverlight-2,\" width=\"530\" height=\"300\" ><param name=\"source\" value=\"http:\/\/www.microsoft.com\/global\/en-us\/showcase\/RichMedia\/player-en.xap\" \/><param name=\"initParams\" value=\"Culture=en-US,Uuid=d18f8ee6-a01f-4877-a022-916ca86f2169,Autoplay=False,MarketingOverlayText=Visit this video's website,ShowMarketingOverlay=true,MiscControls=FullScreen;Detached,ShowMenu=True,Tabs=Embed;Email;Share;Info,VideoUrl=http:\/\/www.microsoft.com\/en-us\/showcase\/details.aspx?uuid=d18f8ee6-a01f-4877-a022-916ca86f2169,Mode=Player\" \/><param name=\"enableHtmlAccess\" value=\"true\" \/><param name=\"allowHtmlPopupwindow\" value=\"true\" \/><param name=\"background\" value=\"#FF000000\" \/><param name=\"minRuntimeVersion\" value=\"4.0.50401.0\" \/><param name=\"autoUpgrade\" value=\"true\" \/><div><a href=\"http:\/\/go.microsoft.com\/fwlink\/?LinkID=149156\" style=\"text-decoration: none;\" onmousedown=\"javascript:new Image().src = 'http:\/\/m.webtrends.com\/dcsygm2gb10000kf9xm7kfvub_9p1t\/dcs.gif?dcsdat=' + new Date().getTime() + '&#038;dcssip=www.microsoft.com&#038;dcsuri=' + window.location.href + '&#038;WT.tz=-8&#038;WT.bh=16&#038;WT.ul=en-US&#038;WT.cd=32&#038;WT.jo=Yes&#038;WT.ti=&#038;WT.js=Yes&#038;WT.jv=1.5&#038;WT.fi=Yes&#038;WT.fv=10.0&#038;WT.sli=Not%20Installed&#038;WT.slv=Version%20Unavailable&#038;WT.dl=1&#038;WT.seg_1=Not%20Logged%20In&#038;WT.vt_f_a=2&#038;WT.vt_f=2&#038;WT.vt_nvr1=2&#038;WT.vt_nvr2=2&#038;WT.vt_nvr3=2&#038;WT.vt_nvr4=2&#038;vp_site=Embedded&#038;wtEvtSrc=' + window.location.href + '&#038;vp_sli=Embedded'\"><img decoding=\"async\" src=\"http:\/\/img.microsoft.com\/showcase\/Content\/img\/resx\/en-US\/installSL.gif\" alt=\"Get Microsoft Silverlight\" style=\"border-style: none\" \/><\/a><\/div>\n<div style='margin-top: -80px; text-align: center;'><a style=\"text-align: center; color: #7db0d2; text-decoration: none; font-size: 80%; font-family: \"Segoe UI\", Segoe, Tahoma, Verdana, sans-serif;\" href=\"http:\/\/content1.catalog.video.msn.com\/e2\/ds\/us\/CMG_US\/CMG_Microsoft\/9a463b14-f373-4259-9448-a1bc097b85ac.wmv\">View this video as a WMV<\/a><\/div>\n<p><noscript><\/p>\n<div><img loading=\"lazy\" decoding=\"async\" alt=\"DCSIMG\" id=\"DCSIMG\" width=\"1\" height=\"1\" src=\"http:\/\/m.webtrends.com\/dcsygm2gb10000kf9xm7kfvub_9p1t\/njs.gif?dcsuri=\/nojavascript&amp;WT.js=No\" \/><\/div>\n<p><\/noscript><\/object><\/div>\n<p><script type=\"text\/javascript\">\ndocument.write(\"<script type='text\/javascript' src='\" + (window.location.protocol) + \"\/\/c.microsoft.com\/ms.js'><\/script>\");<br \/>\n<\/script><\/p>\n<!-- AddThis Advanced Settings generic via filter on the_content --><!-- AddThis Share Buttons generic via filter on the_content -->","protected":false},"excerpt":{"rendered":"<p>Que tal transformar sua apresenta\u00e7\u00e3o do Power Point em um v\u00eddeo? Este \u00e9 um recurso fundamental se voc\u00ea quer criar<!-- AddThis Advanced Settings generic via filter on wp_trim_excerpt --><!-- AddThis Share Buttons generic via filter on wp_trim_excerpt --><\/p>\n","protected":false},"author":2,"featured_media":0,"comment_status":"open","ping_status":"open","sticky":false,"template":"","format":"standard","meta":{"colormag_page_container_layout":"default_layout","colormag_page_sidebar_layout":"default_layout","footnotes":""},"categories":[12],"tags":[132,136,152],"class_list":["post-82","post","type-post","status-publish","format-standard","hentry","category-office-professional","tag-office-365-2","tag-office-professional-2","tag-power-point"],"yoast_head":"<!-- This site is optimized with the Yoast SEO plugin v27.4 - https:\/\/yoast.com\/product\/yoast-seo-wordpress\/ -->\n<title>Converta sua apresenta\u00e7\u00e3o em um v\u00eddeo - 365Brasil Blog - Novidades sobre o Microsoft 365<\/title>\n<meta name=\"robots\" content=\"index, follow, max-snippet:-1, max-image-preview:large, max-video-preview:-1\" \/>\n<link rel=\"canonical\" href=\"https:\/\/www.office365brasil.com.br\/365blog\/office-professional\/converta-sua-apresentao-em-um-vdeo\/\" \/>\n<meta property=\"og:locale\" content=\"pt_BR\" \/>\n<meta property=\"og:type\" content=\"article\" \/>\n<meta property=\"og:title\" content=\"Converta sua apresenta\u00e7\u00e3o em um v\u00eddeo - 365Brasil Blog - Novidades sobre o Microsoft 365\" \/>\n<meta property=\"og:description\" content=\"Que tal transformar sua apresenta\u00e7\u00e3o do Power Point em um v\u00eddeo? Este \u00e9 um recurso fundamental se voc\u00ea quer criar\" \/>\n<meta property=\"og:url\" content=\"https:\/\/www.office365brasil.com.br\/365blog\/office-professional\/converta-sua-apresentao-em-um-vdeo\/\" \/>\n<meta property=\"og:site_name\" content=\"365Brasil Blog - Novidades sobre o Microsoft 365\" \/>\n<meta property=\"article:author\" content=\"https:\/\/www.facebook.com\/helinton.dias\" \/>\n<meta property=\"article:published_time\" content=\"2011-11-03T00:36:54+00:00\" \/>\n<meta property=\"og:image\" content=\"http:\/\/img.microsoft.com\/showcase\/Content\/img\/resx\/en-US\/installSL.gif\" \/>\n<meta name=\"author\" content=\"Helinton\" \/>\n<meta name=\"twitter:card\" content=\"summary_large_image\" \/>\n<meta name=\"twitter:creator\" content=\"@helintondias\" \/>\n<meta name=\"twitter:label1\" content=\"Escrito por\" \/>\n\t<meta name=\"twitter:data1\" content=\"Helinton\" \/>\n<script type=\"application\/ld+json\" class=\"yoast-schema-graph\">{\"@context\":\"https:\\\/\\\/schema.org\",\"@graph\":[{\"@type\":\"Article\",\"@id\":\"https:\\\/\\\/www.office365brasil.com.br\\\/365blog\\\/office-professional\\\/converta-sua-apresentao-em-um-vdeo\\\/#article\",\"isPartOf\":{\"@id\":\"https:\\\/\\\/www.office365brasil.com.br\\\/365blog\\\/office-professional\\\/converta-sua-apresentao-em-um-vdeo\\\/\"},\"author\":{\"name\":\"Helinton\",\"@id\":\"https:\\\/\\\/www.office365brasil.com.br\\\/365blog\\\/#\\\/schema\\\/person\\\/5eecfa02cb728635087ffe1dd1c14682\"},\"headline\":\"Converta sua apresenta\u00e7\u00e3o em um v\u00eddeo\",\"datePublished\":\"2011-11-03T00:36:54+00:00\",\"mainEntityOfPage\":{\"@id\":\"https:\\\/\\\/www.office365brasil.com.br\\\/365blog\\\/office-professional\\\/converta-sua-apresentao-em-um-vdeo\\\/\"},\"wordCount\":97,\"commentCount\":0,\"publisher\":{\"@id\":\"https:\\\/\\\/www.office365brasil.com.br\\\/365blog\\\/#organization\"},\"image\":{\"@id\":\"https:\\\/\\\/www.office365brasil.com.br\\\/365blog\\\/office-professional\\\/converta-sua-apresentao-em-um-vdeo\\\/#primaryimage\"},\"thumbnailUrl\":\"http:\\\/\\\/img.microsoft.com\\\/showcase\\\/Content\\\/img\\\/resx\\\/en-US\\\/installSL.gif\",\"keywords\":[\"office 365\",\"office professional\",\"power point\"],\"articleSection\":[\"Office Professional\"],\"inLanguage\":\"pt-BR\",\"potentialAction\":[{\"@type\":\"CommentAction\",\"name\":\"Comment\",\"target\":[\"https:\\\/\\\/www.office365brasil.com.br\\\/365blog\\\/office-professional\\\/converta-sua-apresentao-em-um-vdeo\\\/#respond\"]}]},{\"@type\":\"WebPage\",\"@id\":\"https:\\\/\\\/www.office365brasil.com.br\\\/365blog\\\/office-professional\\\/converta-sua-apresentao-em-um-vdeo\\\/\",\"url\":\"https:\\\/\\\/www.office365brasil.com.br\\\/365blog\\\/office-professional\\\/converta-sua-apresentao-em-um-vdeo\\\/\",\"name\":\"Converta sua apresenta\u00e7\u00e3o em um v\u00eddeo - 365Brasil Blog - Novidades sobre o Microsoft 365\",\"isPartOf\":{\"@id\":\"https:\\\/\\\/www.office365brasil.com.br\\\/365blog\\\/#website\"},\"primaryImageOfPage\":{\"@id\":\"https:\\\/\\\/www.office365brasil.com.br\\\/365blog\\\/office-professional\\\/converta-sua-apresentao-em-um-vdeo\\\/#primaryimage\"},\"image\":{\"@id\":\"https:\\\/\\\/www.office365brasil.com.br\\\/365blog\\\/office-professional\\\/converta-sua-apresentao-em-um-vdeo\\\/#primaryimage\"},\"thumbnailUrl\":\"http:\\\/\\\/img.microsoft.com\\\/showcase\\\/Content\\\/img\\\/resx\\\/en-US\\\/installSL.gif\",\"datePublished\":\"2011-11-03T00:36:54+00:00\",\"breadcrumb\":{\"@id\":\"https:\\\/\\\/www.office365brasil.com.br\\\/365blog\\\/office-professional\\\/converta-sua-apresentao-em-um-vdeo\\\/#breadcrumb\"},\"inLanguage\":\"pt-BR\",\"potentialAction\":[{\"@type\":\"ReadAction\",\"target\":[\"https:\\\/\\\/www.office365brasil.com.br\\\/365blog\\\/office-professional\\\/converta-sua-apresentao-em-um-vdeo\\\/\"]}]},{\"@type\":\"ImageObject\",\"inLanguage\":\"pt-BR\",\"@id\":\"https:\\\/\\\/www.office365brasil.com.br\\\/365blog\\\/office-professional\\\/converta-sua-apresentao-em-um-vdeo\\\/#primaryimage\",\"url\":\"http:\\\/\\\/img.microsoft.com\\\/showcase\\\/Content\\\/img\\\/resx\\\/en-US\\\/installSL.gif\",\"contentUrl\":\"http:\\\/\\\/img.microsoft.com\\\/showcase\\\/Content\\\/img\\\/resx\\\/en-US\\\/installSL.gif\"},{\"@type\":\"BreadcrumbList\",\"@id\":\"https:\\\/\\\/www.office365brasil.com.br\\\/365blog\\\/office-professional\\\/converta-sua-apresentao-em-um-vdeo\\\/#breadcrumb\",\"itemListElement\":[{\"@type\":\"ListItem\",\"position\":1,\"name\":\"Home\",\"item\":\"https:\\\/\\\/www.office365brasil.com.br\\\/365blog\\\/\"},{\"@type\":\"ListItem\",\"position\":2,\"name\":\"Converta sua apresenta\u00e7\u00e3o em um v\u00eddeo\"}]},{\"@type\":\"WebSite\",\"@id\":\"https:\\\/\\\/www.office365brasil.com.br\\\/365blog\\\/#website\",\"url\":\"https:\\\/\\\/www.office365brasil.com.br\\\/365blog\\\/\",\"name\":\"365Brasil Blog - Novidades sobre o Microsoft 365\",\"description\":\"Novidades e artigos relacionados sobre o Microsoft 365\",\"publisher\":{\"@id\":\"https:\\\/\\\/www.office365brasil.com.br\\\/365blog\\\/#organization\"},\"potentialAction\":[{\"@type\":\"SearchAction\",\"target\":{\"@type\":\"EntryPoint\",\"urlTemplate\":\"https:\\\/\\\/www.office365brasil.com.br\\\/365blog\\\/?s={search_term_string}\"},\"query-input\":{\"@type\":\"PropertyValueSpecification\",\"valueRequired\":true,\"valueName\":\"search_term_string\"}}],\"inLanguage\":\"pt-BR\"},{\"@type\":\"Organization\",\"@id\":\"https:\\\/\\\/www.office365brasil.com.br\\\/365blog\\\/#organization\",\"name\":\"365Brasil Blog - Novidades sobre o Microsoft 365\",\"url\":\"https:\\\/\\\/www.office365brasil.com.br\\\/365blog\\\/\",\"logo\":{\"@type\":\"ImageObject\",\"inLanguage\":\"pt-BR\",\"@id\":\"https:\\\/\\\/www.office365brasil.com.br\\\/365blog\\\/#\\\/schema\\\/logo\\\/image\\\/\",\"url\":\"https:\\\/\\\/www.office365brasil.com.br\\\/365blog\\\/wp-content\\\/uploads\\\/2021\\\/04\\\/logo.png\",\"contentUrl\":\"https:\\\/\\\/www.office365brasil.com.br\\\/365blog\\\/wp-content\\\/uploads\\\/2021\\\/04\\\/logo.png\",\"width\":318,\"height\":65,\"caption\":\"365Brasil Blog - Novidades sobre o Microsoft 365\"},\"image\":{\"@id\":\"https:\\\/\\\/www.office365brasil.com.br\\\/365blog\\\/#\\\/schema\\\/logo\\\/image\\\/\"}},{\"@type\":\"Person\",\"@id\":\"https:\\\/\\\/www.office365brasil.com.br\\\/365blog\\\/#\\\/schema\\\/person\\\/5eecfa02cb728635087ffe1dd1c14682\",\"name\":\"Helinton\",\"image\":{\"@type\":\"ImageObject\",\"inLanguage\":\"pt-BR\",\"@id\":\"https:\\\/\\\/secure.gravatar.com\\\/avatar\\\/e94f64dc2d8245c43543b261db6f23bfc05b72d7e346b2d603e02e1d6006a039?s=96&d=mm&r=g\",\"url\":\"https:\\\/\\\/secure.gravatar.com\\\/avatar\\\/e94f64dc2d8245c43543b261db6f23bfc05b72d7e346b2d603e02e1d6006a039?s=96&d=mm&r=g\",\"contentUrl\":\"https:\\\/\\\/secure.gravatar.com\\\/avatar\\\/e94f64dc2d8245c43543b261db6f23bfc05b72d7e346b2d603e02e1d6006a039?s=96&d=mm&r=g\",\"caption\":\"Helinton\"},\"description\":\"Gerente comercial na empresa CloudExperts parceiro Microsoft focado em solu\u00e7\u00f5es de nuvem p\u00fablica para o mercado de pequenas e m\u00e9dias empresas.\",\"sameAs\":[\"https:\\\/\\\/plus.google.com\\\/u\\\/0\\\/+HelintonDias\",\"https:\\\/\\\/www.facebook.com\\\/helinton.dias\",\"https:\\\/\\\/x.com\\\/helintondias\"],\"url\":\"https:\\\/\\\/www.office365brasil.com.br\\\/365blog\\\/author\\\/helinton\\\/\"}]}<\/script>\n<!-- \/ Yoast SEO plugin. -->","yoast_head_json":{"title":"Converta sua apresenta\u00e7\u00e3o em um v\u00eddeo - 365Brasil Blog - Novidades sobre o Microsoft 365","robots":{"index":"index","follow":"follow","max-snippet":"max-snippet:-1","max-image-preview":"max-image-preview:large","max-video-preview":"max-video-preview:-1"},"canonical":"https:\/\/www.office365brasil.com.br\/365blog\/office-professional\/converta-sua-apresentao-em-um-vdeo\/","og_locale":"pt_BR","og_type":"article","og_title":"Converta sua apresenta\u00e7\u00e3o em um v\u00eddeo - 365Brasil Blog - Novidades sobre o Microsoft 365","og_description":"Que tal transformar sua apresenta\u00e7\u00e3o do Power Point em um v\u00eddeo? Este \u00e9 um recurso fundamental se voc\u00ea quer criar","og_url":"https:\/\/www.office365brasil.com.br\/365blog\/office-professional\/converta-sua-apresentao-em-um-vdeo\/","og_site_name":"365Brasil Blog - Novidades sobre o Microsoft 365","article_author":"https:\/\/www.facebook.com\/helinton.dias","article_published_time":"2011-11-03T00:36:54+00:00","og_image":[{"url":"http:\/\/img.microsoft.com\/showcase\/Content\/img\/resx\/en-US\/installSL.gif","type":"","width":"","height":""}],"author":"Helinton","twitter_card":"summary_large_image","twitter_creator":"@helintondias","twitter_misc":{"Escrito por":"Helinton"},"schema":{"@context":"https:\/\/schema.org","@graph":[{"@type":"Article","@id":"https:\/\/www.office365brasil.com.br\/365blog\/office-professional\/converta-sua-apresentao-em-um-vdeo\/#article","isPartOf":{"@id":"https:\/\/www.office365brasil.com.br\/365blog\/office-professional\/converta-sua-apresentao-em-um-vdeo\/"},"author":{"name":"Helinton","@id":"https:\/\/www.office365brasil.com.br\/365blog\/#\/schema\/person\/5eecfa02cb728635087ffe1dd1c14682"},"headline":"Converta sua apresenta\u00e7\u00e3o em um v\u00eddeo","datePublished":"2011-11-03T00:36:54+00:00","mainEntityOfPage":{"@id":"https:\/\/www.office365brasil.com.br\/365blog\/office-professional\/converta-sua-apresentao-em-um-vdeo\/"},"wordCount":97,"commentCount":0,"publisher":{"@id":"https:\/\/www.office365brasil.com.br\/365blog\/#organization"},"image":{"@id":"https:\/\/www.office365brasil.com.br\/365blog\/office-professional\/converta-sua-apresentao-em-um-vdeo\/#primaryimage"},"thumbnailUrl":"http:\/\/img.microsoft.com\/showcase\/Content\/img\/resx\/en-US\/installSL.gif","keywords":["office 365","office professional","power point"],"articleSection":["Office Professional"],"inLanguage":"pt-BR","potentialAction":[{"@type":"CommentAction","name":"Comment","target":["https:\/\/www.office365brasil.com.br\/365blog\/office-professional\/converta-sua-apresentao-em-um-vdeo\/#respond"]}]},{"@type":"WebPage","@id":"https:\/\/www.office365brasil.com.br\/365blog\/office-professional\/converta-sua-apresentao-em-um-vdeo\/","url":"https:\/\/www.office365brasil.com.br\/365blog\/office-professional\/converta-sua-apresentao-em-um-vdeo\/","name":"Converta sua apresenta\u00e7\u00e3o em um v\u00eddeo - 365Brasil Blog - Novidades sobre o Microsoft 365","isPartOf":{"@id":"https:\/\/www.office365brasil.com.br\/365blog\/#website"},"primaryImageOfPage":{"@id":"https:\/\/www.office365brasil.com.br\/365blog\/office-professional\/converta-sua-apresentao-em-um-vdeo\/#primaryimage"},"image":{"@id":"https:\/\/www.office365brasil.com.br\/365blog\/office-professional\/converta-sua-apresentao-em-um-vdeo\/#primaryimage"},"thumbnailUrl":"http:\/\/img.microsoft.com\/showcase\/Content\/img\/resx\/en-US\/installSL.gif","datePublished":"2011-11-03T00:36:54+00:00","breadcrumb":{"@id":"https:\/\/www.office365brasil.com.br\/365blog\/office-professional\/converta-sua-apresentao-em-um-vdeo\/#breadcrumb"},"inLanguage":"pt-BR","potentialAction":[{"@type":"ReadAction","target":["https:\/\/www.office365brasil.com.br\/365blog\/office-professional\/converta-sua-apresentao-em-um-vdeo\/"]}]},{"@type":"ImageObject","inLanguage":"pt-BR","@id":"https:\/\/www.office365brasil.com.br\/365blog\/office-professional\/converta-sua-apresentao-em-um-vdeo\/#primaryimage","url":"http:\/\/img.microsoft.com\/showcase\/Content\/img\/resx\/en-US\/installSL.gif","contentUrl":"http:\/\/img.microsoft.com\/showcase\/Content\/img\/resx\/en-US\/installSL.gif"},{"@type":"BreadcrumbList","@id":"https:\/\/www.office365brasil.com.br\/365blog\/office-professional\/converta-sua-apresentao-em-um-vdeo\/#breadcrumb","itemListElement":[{"@type":"ListItem","position":1,"name":"Home","item":"https:\/\/www.office365brasil.com.br\/365blog\/"},{"@type":"ListItem","position":2,"name":"Converta sua apresenta\u00e7\u00e3o em um v\u00eddeo"}]},{"@type":"WebSite","@id":"https:\/\/www.office365brasil.com.br\/365blog\/#website","url":"https:\/\/www.office365brasil.com.br\/365blog\/","name":"365Brasil Blog - Novidades sobre o Microsoft 365","description":"Novidades e artigos relacionados sobre o Microsoft 365","publisher":{"@id":"https:\/\/www.office365brasil.com.br\/365blog\/#organization"},"potentialAction":[{"@type":"SearchAction","target":{"@type":"EntryPoint","urlTemplate":"https:\/\/www.office365brasil.com.br\/365blog\/?s={search_term_string}"},"query-input":{"@type":"PropertyValueSpecification","valueRequired":true,"valueName":"search_term_string"}}],"inLanguage":"pt-BR"},{"@type":"Organization","@id":"https:\/\/www.office365brasil.com.br\/365blog\/#organization","name":"365Brasil Blog - Novidades sobre o Microsoft 365","url":"https:\/\/www.office365brasil.com.br\/365blog\/","logo":{"@type":"ImageObject","inLanguage":"pt-BR","@id":"https:\/\/www.office365brasil.com.br\/365blog\/#\/schema\/logo\/image\/","url":"https:\/\/www.office365brasil.com.br\/365blog\/wp-content\/uploads\/2021\/04\/logo.png","contentUrl":"https:\/\/www.office365brasil.com.br\/365blog\/wp-content\/uploads\/2021\/04\/logo.png","width":318,"height":65,"caption":"365Brasil Blog - Novidades sobre o Microsoft 365"},"image":{"@id":"https:\/\/www.office365brasil.com.br\/365blog\/#\/schema\/logo\/image\/"}},{"@type":"Person","@id":"https:\/\/www.office365brasil.com.br\/365blog\/#\/schema\/person\/5eecfa02cb728635087ffe1dd1c14682","name":"Helinton","image":{"@type":"ImageObject","inLanguage":"pt-BR","@id":"https:\/\/secure.gravatar.com\/avatar\/e94f64dc2d8245c43543b261db6f23bfc05b72d7e346b2d603e02e1d6006a039?s=96&d=mm&r=g","url":"https:\/\/secure.gravatar.com\/avatar\/e94f64dc2d8245c43543b261db6f23bfc05b72d7e346b2d603e02e1d6006a039?s=96&d=mm&r=g","contentUrl":"https:\/\/secure.gravatar.com\/avatar\/e94f64dc2d8245c43543b261db6f23bfc05b72d7e346b2d603e02e1d6006a039?s=96&d=mm&r=g","caption":"Helinton"},"description":"Gerente comercial na empresa CloudExperts parceiro Microsoft focado em solu\u00e7\u00f5es de nuvem p\u00fablica para o mercado de pequenas e m\u00e9dias empresas.","sameAs":["https:\/\/plus.google.com\/u\/0\/+HelintonDias","https:\/\/www.facebook.com\/helinton.dias","https:\/\/x.com\/helintondias"],"url":"https:\/\/www.office365brasil.com.br\/365blog\/author\/helinton\/"}]}},"_links":{"self":[{"href":"https:\/\/www.office365brasil.com.br\/365blog\/wp-json\/wp\/v2\/posts\/82","targetHints":{"allow":["GET"]}}],"collection":[{"href":"https:\/\/www.office365brasil.com.br\/365blog\/wp-json\/wp\/v2\/posts"}],"about":[{"href":"https:\/\/www.office365brasil.com.br\/365blog\/wp-json\/wp\/v2\/types\/post"}],"author":[{"embeddable":true,"href":"https:\/\/www.office365brasil.com.br\/365blog\/wp-json\/wp\/v2\/users\/2"}],"replies":[{"embeddable":true,"href":"https:\/\/www.office365brasil.com.br\/365blog\/wp-json\/wp\/v2\/comments?post=82"}],"version-history":[{"count":0,"href":"https:\/\/www.office365brasil.com.br\/365blog\/wp-json\/wp\/v2\/posts\/82\/revisions"}],"wp:attachment":[{"href":"https:\/\/www.office365brasil.com.br\/365blog\/wp-json\/wp\/v2\/media?parent=82"}],"wp:term":[{"taxonomy":"category","embeddable":true,"href":"https:\/\/www.office365brasil.com.br\/365blog\/wp-json\/wp\/v2\/categories?post=82"},{"taxonomy":"post_tag","embeddable":true,"href":"https:\/\/www.office365brasil.com.br\/365blog\/wp-json\/wp\/v2\/tags?post=82"}],"curies":[{"name":"wp","href":"https:\/\/api.w.org\/{rel}","templated":true}]}}